{"id":997,"date":"2019-11-18T09:04:50","date_gmt":"2019-11-18T08:04:50","guid":{"rendered":"https:\/\/www.svoboda-senovo.si\/?p=997"},"modified":"2019-11-18T09:08:03","modified_gmt":"2019-11-18T08:08:03","slug":"kulturni-mozaik-2019","status":"publish","type":"post","link":"https:\/\/www.svoboda-senovo.si\/index.php\/2019\/11\/18\/kulturni-mozaik-2019\/","title":{"rendered":"Kulturni mozaik 2019"},"content":{"rendered":"<p>V \u010detrtek, 21. novembra 2019, vas ob 18. uri vabimo na Kulturni mozaik 2019, prireditev, ki jo organizira Zveza kulturnih dru\u0161tev Kr\u0161ko, katere \u010dlan je tudi na\u0161e dru\u0161tvo. Poleg \u010dlanov lutkovne in gledali\u0161ke skupine na\u0161ega dru\u0161tva se bodo predstavili \u0161e \u010dlani dru\u0161tev:<\/p>\n<ul>\n<li>KD Anton A\u0161kerc Koprivnica<\/li>\n<li>KD Leskovec pri Kr\u0161kem<\/li>\n<li>KD Svoboda Brestanica<\/li>\n<li>DU Senovo<\/li>\n<li>DL Kr\u0161ko OKO<\/li>\n<li>KD Libna<\/li>\n<li>otroci iz vrtca O\u0160 XIV. divizije Senovo<\/li>\n<\/ul>\n<p>Vljudno vabljeni!<\/p>\n<p><a href=\"https:\/\/i1.wp.com\/www.svoboda-senovo.si\/wp-content\/uploads\/2019\/11\/image002.jpg?ssl=1\" data-rel=\"lightbox-image-0\" data-rl_title=\"\" data-rl_caption=\"\" title=\"\"><img data-attachment-id=\"995\" data-permalink=\"https:\/\/www.svoboda-senovo.si\/index.php\/event\/kulturni-mozaik-2019\/image002\/\" data-orig-file=\"https:\/\/i1.wp.com\/www.svoboda-senovo.si\/wp-content\/uploads\/2019\/11\/image002-e1574064476423.jpg?fit=793%2C342&amp;ssl=1\" data-orig-size=\"793,342\" data-comments-opened=\"0\" data-image-meta=\"{&quot;aperture&quot;:&quot;0&quot;,&quot;credit&quot;:&quot;&quot;,&quot;camera&quot;:&quot;&quot;,&quot;caption&quot;:&quot;&quot;,&quot;created_timestamp&quot;:&quot;0&quot;,&quot;copyright&quot;:&quot;&quot;,&quot;focal_length&quot;:&quot;0&quot;,&quot;iso&quot;:&quot;0&quot;,&quot;shutter_speed&quot;:&quot;0&quot;,&quot;title&quot;:&quot;&quot;,&quot;orientation&quot;:&quot;0&quot;}\" data-image-title=\"image002\" data-image-description=\"\" data-image-caption=\"\" data-medium-file=\"https:\/\/i1.wp.com\/www.svoboda-senovo.si\/wp-content\/uploads\/2019\/11\/image002-e1574064476423.jpg?fit=300%2C129&amp;ssl=1\" data-large-file=\"https:\/\/i1.wp.com\/www.svoboda-senovo.si\/wp-content\/uploads\/2019\/11\/image002-e1574064476423.jpg?fit=724%2C1024&amp;ssl=1\" loading=\"lazy\" class=\"alignleft size-medium wp-image-995\" src=\"https:\/\/i1.wp.com\/www.svoboda-senovo.si\/wp-content\/uploads\/2019\/11\/image002.jpg?resize=212%2C300&#038;ssl=1\" alt=\"\" width=\"212\" height=\"300\" data-recalc-dims=\"1\" \/><\/a><\/p>\n","protected":false},"excerpt":{"rendered":"<p>V \u010detrtek, 21. novembra 2019, vas ob 18. uri vabimo na Kulturni mozaik 2019, prireditev, ki jo organizira Zveza kulturnih dru\u0161tev Kr\u0161ko, katere \u010dlan je tudi na\u0161e dru\u0161tvo. Poleg \u010dlanov lutkovne in gledali\u0161ke skupine&#46;&#46;&#46;<\/p>\n","protected":false},"author":1,"featured_media":995,"comment_status":"closed","ping_status":"closed","sticky":false,"template":"","format":"standard","meta":{"spay_email":"","jetpack_publicize_message":"","jetpack_is_tweetstorm":false,"jetpack_publicize_feature_enabled":true},"categories":[3,5,6],"tags":[],"jetpack_featured_media_url":"https:\/\/i1.wp.com\/www.svoboda-senovo.si\/wp-content\/uploads\/2019\/11\/image002-e1574064476423.jpg?fit=793%2C342&ssl=1","jetpack_publicize_connections":[],"jetpack_sharing_enabled":true,"jetpack_shortlink":"https:\/\/wp.me\/p8fvCk-g5","jetpack-related-posts":[{"id":1033,"url":"https:\/\/www.svoboda-senovo.si\/index.php\/2020\/02\/11\/presernovi-nagrajenci-dkd-svoboda-senovo\/","url_meta":{"origin":997,"position":0},"title":"Pre\u0161ernovi nagrajenci DKD Svoboda Senovo","date":"11. 2. 2020","format":false,"excerpt":"Ob slovenskem kulturnem prazniku je Zveza kulturnih dru\u0161tev Kr\u0161ko podelila Pre\u0161ernove plakete in priznanja za predano delo in izredne uspehe na podro\u010dju ljubiteljske kulture na osrednji ob\u010dinski proslavi 7.2.2020 v Kulturnem domu Kr\u0161ko. Med prejemniki so bili tudi tokrat na\u0161i \u010dlani, med prejemniki so bili: Tanja Tu\u0161ek Sotel\u0161ek - Bronasta\u2026","rel":"","context":"In &quot;DRU\u0160TVO&quot;","img":{"alt_text":"","src":"https:\/\/i2.wp.com\/www.svoboda-senovo.si\/wp-content\/uploads\/2020\/02\/France-Pre\u0161eren2.jpg?fit=400%2C400&ssl=1&resize=350%2C200","width":350,"height":200},"classes":[]},{"id":268,"url":"https:\/\/www.svoboda-senovo.si\/index.php\/2017\/05\/10\/amerikanski-dolarji-prihajajo-v-krsko\/","url_meta":{"origin":997,"position":1},"title":"Amerikanski dolarji prihajajo v Kr\u0161ko!","date":"10. 5. 2017","format":false,"excerpt":"Dramska sekcija DKD Svoboda Senovo vas v petek, 19. maja, ob 19. uri vabi na zabavno kme\u010dko igro Amerikanski dolarji, ki jo bodo uprizorili na odru Kulturnega doma Kr\u0161ko. Gre za komedijo Senov\u010dana Avgusta Fabjan\u010di\u010da, s katero so \u017ee navdu\u0161ili ob\u010dinstvo na Senovem, odli\u010dna igralska izvedba ter re\u017eija pa sta\u2026","rel":"","context":"In &quot;GLEDALI\u0160KA SEKCIJA&quot;","img":{"alt_text":"","src":"https:\/\/i0.wp.com\/www.svoboda-senovo.si\/wp-content\/uploads\/2017\/05\/Amerikanski-dolarji-KD-Kr\u0161ko-letak-e1494431009911.jpg?fit=871%2C387&ssl=1&resize=350%2C200","width":350,"height":200},"classes":[]},{"id":113,"url":"https:\/\/www.svoboda-senovo.si\/index.php\/2016\/12\/17\/nastop-za-zpm-krsko-1-december\/","url_meta":{"origin":997,"position":2},"title":"Nastop za ZPM Kr\u0161ko &#8211; 1. december","date":"17. 12. 2016","format":"gallery","excerpt":"","rel":"","context":"In &quot;FOTOGALERIJA&quot;","img":{"alt_text":"","src":"https:\/\/i0.wp.com\/www.svoboda-senovo.si\/wp-content\/uploads\/2016\/12\/DSCN2409.jpg?fit=1024%2C768&ssl=1&resize=350%2C200","width":350,"height":200},"classes":[]},{"id":350,"url":"https:\/\/www.svoboda-senovo.si\/index.php\/2017\/12\/23\/nastop-lutkovne-sekcije-za-zpm-krsko\/","url_meta":{"origin":997,"position":3},"title":"Nastop lutkovne sekcije za ZPM Kr\u0161ko","date":"23. 12. 2017","format":"gallery","excerpt":"Nastop za ZPM Kr\u0161ko 21.12.2017 v Dvorani v Parku. Predstavo si je ogledalo okoli 70 otrok s star\u0161i. Na koncu smo poskrbeli \u0161e za Bo\u017ei\u010dka in razdelitev daril.","rel":"","context":"In &quot;LUTKOVNA SEKCIJA&quot;","img":{"alt_text":"","src":"https:\/\/i0.wp.com\/www.svoboda-senovo.si\/wp-content\/uploads\/2017\/12\/5.jpg?fit=751%2C499&ssl=1&resize=350%2C200","width":350,"height":200},"classes":[]},{"id":282,"url":"https:\/\/www.svoboda-senovo.si\/index.php\/2017\/05\/19\/vabljeni-na-nastop-ucencev-gs-krsko\/","url_meta":{"origin":997,"position":4},"title":"Vabljeni na nastop u\u010dencev G\u0160 Kr\u0161ko!","date":"19. 5. 2017","format":false,"excerpt":"V torek, 23.5.2017, bo ob 18. uri v domu XIV. divizije na Senovem potekal nastop u\u010dencev oddelka za pihala, trobila in tolkala Glasbene \u0161ole Kr\u0161ko. Po nastopu bo sledila tudi predstavitev in\u0161trumentov, ki jih lahko sli\u0161imo v pihalnih orkestrih, zato vabljeni vsi, ki vas zanima igranje in\u0161trumentov ter orkestrska igra.\u2026","rel":"","context":"In &quot;DRU\u0160TVO&quot;","img":{"alt_text":"","src":"","width":0,"height":0},"classes":[]},{"id":246,"url":"https:\/\/www.svoboda-senovo.si\/index.php\/2017\/03\/15\/vabilo-na-premiero-lutkovne-igrice-lepo-je-biti-srecen\/","url_meta":{"origin":997,"position":5},"title":"Vabilo na premiero lutkovne igrice Lepo je biti sre\u010den","date":"15. 3. 2017","format":false,"excerpt":"Lutkovna skupina Delavskega\u00a0kulturnega dru\u0161tva Svoboda Senovo vabi na premiero lutkovne igrice Lepo je biti sre\u010den, ki jo bojo \u010dlani lutkovne sekcije javnosti predstavili v \u010detrtek, 30. marca 2017, ob 17:30 v Domu XIV. divizije Senovo. Izvedbo predstave je podprla Ob\u010dina Kr\u0161ko. Vljudno vabljeni!","rel":"","context":"In &quot;LUTKOVNA SEKCIJA&quot;","img":{"alt_text":"","src":"https:\/\/i2.wp.com\/www.svoboda-senovo.si\/wp-content\/uploads\/2017\/03\/vabilo_lutkovna_premiera_1.png?fit=1200%2C750&ssl=1&resize=350%2C200","width":350,"height":200},"classes":[]}],"_links":{"self":[{"href":"https:\/\/www.svoboda-senovo.si\/index.php\/wp-json\/wp\/v2\/posts\/997"}],"collection":[{"href":"https:\/\/www.svoboda-senovo.si\/index.php\/wp-json\/wp\/v2\/posts"}],"about":[{"href":"https:\/\/www.svoboda-senovo.si\/index.php\/wp-json\/wp\/v2\/types\/post"}],"author":[{"embeddable":true,"href":"https:\/\/www.svoboda-senovo.si\/index.php\/wp-json\/wp\/v2\/users\/1"}],"replies":[{"embeddable":true,"href":"https:\/\/www.svoboda-senovo.si\/index.php\/wp-json\/wp\/v2\/comments?post=997"}],"version-history":[{"count":1,"href":"https:\/\/www.svoboda-senovo.si\/index.php\/wp-json\/wp\/v2\/posts\/997\/revisions"}],"predecessor-version":[{"id":998,"href":"https:\/\/www.svoboda-senovo.si\/index.php\/wp-json\/wp\/v2\/posts\/997\/revisions\/998"}],"wp:featuredmedia":[{"embeddable":true,"href":"https:\/\/www.svoboda-senovo.si\/index.php\/wp-json\/wp\/v2\/media\/995"}],"wp:attachment":[{"href":"https:\/\/www.svoboda-senovo.si\/index.php\/wp-json\/wp\/v2\/media?parent=997"}],"wp:term":[{"taxonomy":"category","embeddable":true,"href":"https:\/\/www.svoboda-senovo.si\/index.php\/wp-json\/wp\/v2\/categories?post=997"},{"taxonomy":"post_tag","embeddable":true,"href":"https:\/\/www.svoboda-senovo.si\/index.php\/wp-json\/wp\/v2\/tags?post=997"}],"curies":[{"name":"wp","href":"https:\/\/api.w.org\/{rel}","templated":true}]}}