{"id":907,"date":"2019-10-17T08:33:17","date_gmt":"2019-10-17T06:33:17","guid":{"rendered":"https:\/\/www.svoboda-senovo.si\/?p=907"},"modified":"2019-11-15T09:19:38","modified_gmt":"2019-11-15T08:19:38","slug":"10-let-s-pravljicnimi-lutkami","status":"publish","type":"post","link":"https:\/\/www.svoboda-senovo.si\/index.php\/2019\/10\/17\/10-let-s-pravljicnimi-lutkami\/","title":{"rendered":"10 let s pravlji\u010dnimi lutkami"},"content":{"rendered":"<p>Lutkovna skupina DKD Svoboda Senovo je 16.oktobra 2019 pripravila slavnostno prireditev ob 10.obletnici delovanja. Ob tej prilo\u017enosti je skupina izdala knji\u017eico z naslovom 10 let s pravlji\u010dnimi lutkami, ki jo je uredila vodja skupine Tatjana Kolar. Prireditev je povezovala Tatjana Udu\u010d. Na prireditvi je vodja JSKD Tinka Vuki\u010d podelila jubilejne Linhartove zna\u010dke. Bronasto zna\u010dko za 5 let sodelovanja so prejeli Fran\u010di\u0161ka (Beba) Urban\u010di\u010d, Avgust (Guni) Fabjan\u010di\u010d, Zvonko Marini\u010d in Karmen Udu\u010d. Srebrno zna\u010dko za 10 let sodelovanja je prejela Tatjana Kolar. Skupina je prejela tudi priznanje za 10 let delovanja s strani JSKD. \u010cestitkam ob jubileju sta se pridru\u017eila tudi predsednica KS Senovo Vlasta Mo\u0161kon in predsednik DKD Svoboda Senovo Jo\u017ee \u0160oln.<\/p>\n<p class=\"jetpack-slideshow-noscript robots-nocontent\">This slideshow requires JavaScript.<\/p><div id=\"gallery-907-1-slideshow\" class=\"slideshow-window jetpack-slideshow slideshow-black\" data-trans=\"fade\" data-autostart=\"1\" data-gallery=\"[{&quot;src&quot;:&quot;https:\\\/\\\/i1.wp.com\\\/www.svoboda-senovo.si\\\/wp-content\\\/uploads\\\/2019\\\/11\\\/COB24624-scaled.jpg?fit=2560%2C1707\\u0026ssl=1&quot;,&quot;id&quot;:&quot;950&quot;,&quot;title&quot;:&quot;COB24624&quot;,&quot;alt&quot;:&quot;&quot;,&quot;caption&quot;:&quot;&quot;,&quot;itemprop&quot;:&quot;image&quot;},{&quot;src&quot;:&quot;https:\\\/\\\/i0.wp.com\\\/www.svoboda-senovo.si\\\/wp-content\\\/uploads\\\/2019\\\/11\\\/COB24432-scaled.jpg?fit=2560%2C1707\\u0026ssl=1&quot;,&quot;id&quot;:&quot;912&quot;,&quot;title&quot;:&quot;COB24432&quot;,&quot;alt&quot;:&quot;&quot;,&quot;caption&quot;:&quot;&quot;,&quot;itemprop&quot;:&quot;image&quot;},{&quot;src&quot;:&quot;https:\\\/\\\/i0.wp.com\\\/www.svoboda-senovo.si\\\/wp-content\\\/uploads\\\/2019\\\/11\\\/COB24440-scaled.jpg?fit=2560%2C1707\\u0026ssl=1&quot;,&quot;id&quot;:&quot;913&quot;,&quot;title&quot;:&quot;COB24440&quot;,&quot;alt&quot;:&quot;&quot;,&quot;caption&quot;:&quot;&quot;,&quot;itemprop&quot;:&quot;image&quot;},{&quot;src&quot;:&quot;https:\\\/\\\/i1.wp.com\\\/www.svoboda-senovo.si\\\/wp-content\\\/uploads\\\/2019\\\/11\\\/COB24441-scaled.jpg?fit=2560%2C1707\\u0026ssl=1&quot;,&quot;id&quot;:&quot;914&quot;,&quot;title&quot;:&quot;COB24441&quot;,&quot;alt&quot;:&quot;&quot;,&quot;caption&quot;:&quot;&quot;,&quot;itemprop&quot;:&quot;image&quot;},{&quot;src&quot;:&quot;https:\\\/\\\/i2.wp.com\\\/www.svoboda-senovo.si\\\/wp-content\\\/uploads\\\/2019\\\/11\\\/COB24450-scaled.jpg?fit=2560%2C2560\\u0026ssl=1&quot;,&quot;id&quot;:&quot;915&quot;,&quot;title&quot;:&quot;COB24450&quot;,&quot;alt&quot;:&quot;&quot;,&quot;caption&quot;:&quot;&quot;,&quot;itemprop&quot;:&quot;image&quot;},{&quot;src&quot;:&quot;https:\\\/\\\/i2.wp.com\\\/www.svoboda-senovo.si\\\/wp-content\\\/uploads\\\/2019\\\/11\\\/COB24453-scaled.jpg?fit=2560%2C1707\\u0026ssl=1&quot;,&quot;id&quot;:&quot;916&quot;,&quot;title&quot;:&quot;COB24453&quot;,&quot;alt&quot;:&quot;&quot;,&quot;caption&quot;:&quot;&quot;,&quot;itemprop&quot;:&quot;image&quot;},{&quot;src&quot;:&quot;https:\\\/\\\/i2.wp.com\\\/www.svoboda-senovo.si\\\/wp-content\\\/uploads\\\/2019\\\/11\\\/COB24455-scaled.jpg?fit=2560%2C1707\\u0026ssl=1&quot;,&quot;id&quot;:&quot;917&quot;,&quot;title&quot;:&quot;COB24455&quot;,&quot;alt&quot;:&quot;&quot;,&quot;caption&quot;:&quot;&quot;,&quot;itemprop&quot;:&quot;image&quot;},{&quot;src&quot;:&quot;https:\\\/\\\/i1.wp.com\\\/www.svoboda-senovo.si\\\/wp-content\\\/uploads\\\/2019\\\/11\\\/COB24459-scaled.jpg?fit=2560%2C1707\\u0026ssl=1&quot;,&quot;id&quot;:&quot;918&quot;,&quot;title&quot;:&quot;COB24459&quot;,&quot;alt&quot;:&quot;&quot;,&quot;caption&quot;:&quot;&quot;,&quot;itemprop&quot;:&quot;image&quot;},{&quot;src&quot;:&quot;https:\\\/\\\/i1.wp.com\\\/www.svoboda-senovo.si\\\/wp-content\\\/uploads\\\/2019\\\/11\\\/COB24465-scaled.jpg?fit=2560%2C1707\\u0026ssl=1&quot;,&quot;id&quot;:&quot;919&quot;,&quot;title&quot;:&quot;COB24465&quot;,&quot;alt&quot;:&quot;&quot;,&quot;caption&quot;:&quot;&quot;,&quot;itemprop&quot;:&quot;image&quot;},{&quot;src&quot;:&quot;https:\\\/\\\/i0.wp.com\\\/www.svoboda-senovo.si\\\/wp-content\\\/uploads\\\/2019\\\/11\\\/COB24469-scaled.jpg?fit=2560%2C1707\\u0026ssl=1&quot;,&quot;id&quot;:&quot;920&quot;,&quot;title&quot;:&quot;COB24469&quot;,&quot;alt&quot;:&quot;&quot;,&quot;caption&quot;:&quot;&quot;,&quot;itemprop&quot;:&quot;image&quot;},{&quot;src&quot;:&quot;https:\\\/\\\/i0.wp.com\\\/www.svoboda-senovo.si\\\/wp-content\\\/uploads\\\/2019\\\/11\\\/COB24470-scaled.jpg?fit=2560%2C1707\\u0026ssl=1&quot;,&quot;id&quot;:&quot;921&quot;,&quot;title&quot;:&quot;COB24470&quot;,&quot;alt&quot;:&quot;&quot;,&quot;caption&quot;:&quot;&quot;,&quot;itemprop&quot;:&quot;image&quot;},{&quot;src&quot;:&quot;https:\\\/\\\/i1.wp.com\\\/www.svoboda-senovo.si\\\/wp-content\\\/uploads\\\/2019\\\/11\\\/COB24473-scaled.jpg?fit=2560%2C1707\\u0026ssl=1&quot;,&quot;id&quot;:&quot;922&quot;,&quot;title&quot;:&quot;COB24473&quot;,&quot;alt&quot;:&quot;&quot;,&quot;caption&quot;:&quot;&quot;,&quot;itemprop&quot;:&quot;image&quot;},{&quot;src&quot;:&quot;https:\\\/\\\/i1.wp.com\\\/www.svoboda-senovo.si\\\/wp-content\\\/uploads\\\/2019\\\/11\\\/COB24482-scaled.jpg?fit=2560%2C1707\\u0026ssl=1&quot;,&quot;id&quot;:&quot;923&quot;,&quot;title&quot;:&quot;COB24482&quot;,&quot;alt&quot;:&quot;&quot;,&quot;caption&quot;:&quot;&quot;,&quot;itemprop&quot;:&quot;image&quot;},{&quot;src&quot;:&quot;https:\\\/\\\/i2.wp.com\\\/www.svoboda-senovo.si\\\/wp-content\\\/uploads\\\/2019\\\/11\\\/COB24493-scaled.jpg?fit=2560%2C1707\\u0026ssl=1&quot;,&quot;id&quot;:&quot;924&quot;,&quot;title&quot;:&quot;COB24493&quot;,&quot;alt&quot;:&quot;&quot;,&quot;caption&quot;:&quot;&quot;,&quot;itemprop&quot;:&quot;image&quot;},{&quot;src&quot;:&quot;https:\\\/\\\/i2.wp.com\\\/www.svoboda-senovo.si\\\/wp-content\\\/uploads\\\/2019\\\/11\\\/COB24521-scaled.jpg?fit=2560%2C1707\\u0026ssl=1&quot;,&quot;id&quot;:&quot;925&quot;,&quot;title&quot;:&quot;COB24521&quot;,&quot;alt&quot;:&quot;&quot;,&quot;caption&quot;:&quot;&quot;,&quot;itemprop&quot;:&quot;image&quot;},{&quot;src&quot;:&quot;https:\\\/\\\/i1.wp.com\\\/www.svoboda-senovo.si\\\/wp-content\\\/uploads\\\/2019\\\/11\\\/COB24525-scaled.jpg?fit=2560%2C1707\\u0026ssl=1&quot;,&quot;id&quot;:&quot;926&quot;,&quot;title&quot;:&quot;COB24525&quot;,&quot;alt&quot;:&quot;&quot;,&quot;caption&quot;:&quot;&quot;,&quot;itemprop&quot;:&quot;image&quot;},{&quot;src&quot;:&quot;https:\\\/\\\/i1.wp.com\\\/www.svoboda-senovo.si\\\/wp-content\\\/uploads\\\/2019\\\/11\\\/COB24534-scaled.jpg?fit=2560%2C1707\\u0026ssl=1&quot;,&quot;id&quot;:&quot;927&quot;,&quot;title&quot;:&quot;COB24534&quot;,&quot;alt&quot;:&quot;&quot;,&quot;caption&quot;:&quot;&quot;,&quot;itemprop&quot;:&quot;image&quot;},{&quot;src&quot;:&quot;https:\\\/\\\/i0.wp.com\\\/www.svoboda-senovo.si\\\/wp-content\\\/uploads\\\/2019\\\/11\\\/COB24537-scaled.jpg?fit=2560%2C1707\\u0026ssl=1&quot;,&quot;id&quot;:&quot;928&quot;,&quot;title&quot;:&quot;COB24537&quot;,&quot;alt&quot;:&quot;&quot;,&quot;caption&quot;:&quot;&quot;,&quot;itemprop&quot;:&quot;image&quot;},{&quot;src&quot;:&quot;https:\\\/\\\/i0.wp.com\\\/www.svoboda-senovo.si\\\/wp-content\\\/uploads\\\/2019\\\/11\\\/COB24548-scaled.jpg?fit=2560%2C1707\\u0026ssl=1&quot;,&quot;id&quot;:&quot;929&quot;,&quot;title&quot;:&quot;COB24548&quot;,&quot;alt&quot;:&quot;&quot;,&quot;caption&quot;:&quot;&quot;,&quot;itemprop&quot;:&quot;image&quot;},{&quot;src&quot;:&quot;https:\\\/\\\/i2.wp.com\\\/www.svoboda-senovo.si\\\/wp-content\\\/uploads\\\/2019\\\/11\\\/COB24551-scaled.jpg?fit=2560%2C1707\\u0026ssl=1&quot;,&quot;id&quot;:&quot;930&quot;,&quot;title&quot;:&quot;COB24551&quot;,&quot;alt&quot;:&quot;&quot;,&quot;caption&quot;:&quot;&quot;,&quot;itemprop&quot;:&quot;image&quot;},{&quot;src&quot;:&quot;https:\\\/\\\/i2.wp.com\\\/www.svoboda-senovo.si\\\/wp-content\\\/uploads\\\/2019\\\/11\\\/COB24552-scaled.jpg?fit=2560%2C1707\\u0026ssl=1&quot;,&quot;id&quot;:&quot;931&quot;,&quot;title&quot;:&quot;COB24552&quot;,&quot;alt&quot;:&quot;&quot;,&quot;caption&quot;:&quot;&quot;,&quot;itemprop&quot;:&quot;image&quot;},{&quot;src&quot;:&quot;https:\\\/\\\/i2.wp.com\\\/www.svoboda-senovo.si\\\/wp-content\\\/uploads\\\/2019\\\/11\\\/COB24553-scaled.jpg?fit=2560%2C1707\\u0026ssl=1&quot;,&quot;id&quot;:&quot;932&quot;,&quot;title&quot;:&quot;COB24553&quot;,&quot;alt&quot;:&quot;&quot;,&quot;caption&quot;:&quot;&quot;,&quot;itemprop&quot;:&quot;image&quot;},{&quot;src&quot;:&quot;https:\\\/\\\/i1.wp.com\\\/www.svoboda-senovo.si\\\/wp-content\\\/uploads\\\/2019\\\/11\\\/COB24558-scaled.jpg?fit=2560%2C1707\\u0026ssl=1&quot;,&quot;id&quot;:&quot;933&quot;,&quot;title&quot;:&quot;COB24558&quot;,&quot;alt&quot;:&quot;&quot;,&quot;caption&quot;:&quot;&quot;,&quot;itemprop&quot;:&quot;image&quot;},{&quot;src&quot;:&quot;https:\\\/\\\/i1.wp.com\\\/www.svoboda-senovo.si\\\/wp-content\\\/uploads\\\/2019\\\/11\\\/COB24562-scaled.jpg?fit=2560%2C1707\\u0026ssl=1&quot;,&quot;id&quot;:&quot;934&quot;,&quot;title&quot;:&quot;COB24562&quot;,&quot;alt&quot;:&quot;&quot;,&quot;caption&quot;:&quot;&quot;,&quot;itemprop&quot;:&quot;image&quot;},{&quot;src&quot;:&quot;https:\\\/\\\/i2.wp.com\\\/www.svoboda-senovo.si\\\/wp-content\\\/uploads\\\/2019\\\/11\\\/COB24568-scaled.jpg?fit=2560%2C1707\\u0026ssl=1&quot;,&quot;id&quot;:&quot;935&quot;,&quot;title&quot;:&quot;COB24568&quot;,&quot;alt&quot;:&quot;&quot;,&quot;caption&quot;:&quot;&quot;,&quot;itemprop&quot;:&quot;image&quot;},{&quot;src&quot;:&quot;https:\\\/\\\/i2.wp.com\\\/www.svoboda-senovo.si\\\/wp-content\\\/uploads\\\/2019\\\/11\\\/COB24570-scaled.jpg?fit=2560%2C1707\\u0026ssl=1&quot;,&quot;id&quot;:&quot;936&quot;,&quot;title&quot;:&quot;COB24570&quot;,&quot;alt&quot;:&quot;&quot;,&quot;caption&quot;:&quot;&quot;,&quot;itemprop&quot;:&quot;image&quot;},{&quot;src&quot;:&quot;https:\\\/\\\/i2.wp.com\\\/www.svoboda-senovo.si\\\/wp-content\\\/uploads\\\/2019\\\/11\\\/COB24572-scaled.jpg?fit=2560%2C1707\\u0026ssl=1&quot;,&quot;id&quot;:&quot;937&quot;,&quot;title&quot;:&quot;COB24572&quot;,&quot;alt&quot;:&quot;&quot;,&quot;caption&quot;:&quot;&quot;,&quot;itemprop&quot;:&quot;image&quot;},{&quot;src&quot;:&quot;https:\\\/\\\/i2.wp.com\\\/www.svoboda-senovo.si\\\/wp-content\\\/uploads\\\/2019\\\/11\\\/COB24577-scaled.jpg?fit=2560%2C1707\\u0026ssl=1&quot;,&quot;id&quot;:&quot;938&quot;,&quot;title&quot;:&quot;COB24577&quot;,&quot;alt&quot;:&quot;&quot;,&quot;caption&quot;:&quot;&quot;,&quot;itemprop&quot;:&quot;image&quot;},{&quot;src&quot;:&quot;https:\\\/\\\/i0.wp.com\\\/www.svoboda-senovo.si\\\/wp-content\\\/uploads\\\/2019\\\/11\\\/COB24580-scaled.jpg?fit=2560%2C1707\\u0026ssl=1&quot;,&quot;id&quot;:&quot;939&quot;,&quot;title&quot;:&quot;COB24580&quot;,&quot;alt&quot;:&quot;&quot;,&quot;caption&quot;:&quot;&quot;,&quot;itemprop&quot;:&quot;image&quot;},{&quot;src&quot;:&quot;https:\\\/\\\/i0.wp.com\\\/www.svoboda-senovo.si\\\/wp-content\\\/uploads\\\/2019\\\/11\\\/COB24583-scaled.jpg?fit=2560%2C1707\\u0026ssl=1&quot;,&quot;id&quot;:&quot;940&quot;,&quot;title&quot;:&quot;COB24583&quot;,&quot;alt&quot;:&quot;&quot;,&quot;caption&quot;:&quot;&quot;,&quot;itemprop&quot;:&quot;image&quot;},{&quot;src&quot;:&quot;https:\\\/\\\/i2.wp.com\\\/www.svoboda-senovo.si\\\/wp-content\\\/uploads\\\/2019\\\/11\\\/COB24587-scaled.jpg?fit=2560%2C1707\\u0026ssl=1&quot;,&quot;id&quot;:&quot;941&quot;,&quot;title&quot;:&quot;COB24587&quot;,&quot;alt&quot;:&quot;&quot;,&quot;caption&quot;:&quot;&quot;,&quot;itemprop&quot;:&quot;image&quot;},{&quot;src&quot;:&quot;https:\\\/\\\/i2.wp.com\\\/www.svoboda-senovo.si\\\/wp-content\\\/uploads\\\/2019\\\/11\\\/COB24590-scaled.jpg?fit=2560%2C1707\\u0026ssl=1&quot;,&quot;id&quot;:&quot;942&quot;,&quot;title&quot;:&quot;COB24590&quot;,&quot;alt&quot;:&quot;&quot;,&quot;caption&quot;:&quot;&quot;,&quot;itemprop&quot;:&quot;image&quot;},{&quot;src&quot;:&quot;https:\\\/\\\/i2.wp.com\\\/www.svoboda-senovo.si\\\/wp-content\\\/uploads\\\/2019\\\/11\\\/COB24598-scaled.jpg?fit=2560%2C1707\\u0026ssl=1&quot;,&quot;id&quot;:&quot;943&quot;,&quot;title&quot;:&quot;COB24598&quot;,&quot;alt&quot;:&quot;&quot;,&quot;caption&quot;:&quot;&quot;,&quot;itemprop&quot;:&quot;image&quot;},{&quot;src&quot;:&quot;https:\\\/\\\/i1.wp.com\\\/www.svoboda-senovo.si\\\/wp-content\\\/uploads\\\/2019\\\/11\\\/COB24605-scaled.jpg?fit=2560%2C1707\\u0026ssl=1&quot;,&quot;id&quot;:&quot;944&quot;,&quot;title&quot;:&quot;COB24605&quot;,&quot;alt&quot;:&quot;&quot;,&quot;caption&quot;:&quot;&quot;,&quot;itemprop&quot;:&quot;image&quot;},{&quot;src&quot;:&quot;https:\\\/\\\/i1.wp.com\\\/www.svoboda-senovo.si\\\/wp-content\\\/uploads\\\/2019\\\/11\\\/COB24608-scaled.jpg?fit=2560%2C1707\\u0026ssl=1&quot;,&quot;id&quot;:&quot;945&quot;,&quot;title&quot;:&quot;COB24608&quot;,&quot;alt&quot;:&quot;&quot;,&quot;caption&quot;:&quot;&quot;,&quot;itemprop&quot;:&quot;image&quot;},{&quot;src&quot;:&quot;https:\\\/\\\/i1.wp.com\\\/www.svoboda-senovo.si\\\/wp-content\\\/uploads\\\/2019\\\/11\\\/COB24612-scaled.jpg?fit=2560%2C1707\\u0026ssl=1&quot;,&quot;id&quot;:&quot;946&quot;,&quot;title&quot;:&quot;COB24612&quot;,&quot;alt&quot;:&quot;&quot;,&quot;caption&quot;:&quot;&quot;,&quot;itemprop&quot;:&quot;image&quot;},{&quot;src&quot;:&quot;https:\\\/\\\/i1.wp.com\\\/www.svoboda-senovo.si\\\/wp-content\\\/uploads\\\/2019\\\/11\\\/COB24616-scaled.jpg?fit=2560%2C1707\\u0026ssl=1&quot;,&quot;id&quot;:&quot;947&quot;,&quot;title&quot;:&quot;COB24616&quot;,&quot;alt&quot;:&quot;&quot;,&quot;caption&quot;:&quot;&quot;,&quot;itemprop&quot;:&quot;image&quot;},{&quot;src&quot;:&quot;https:\\\/\\\/i1.wp.com\\\/www.svoboda-senovo.si\\\/wp-content\\\/uploads\\\/2019\\\/11\\\/COB24617-scaled.jpg?fit=2560%2C1707\\u0026ssl=1&quot;,&quot;id&quot;:&quot;948&quot;,&quot;title&quot;:&quot;COB24617&quot;,&quot;alt&quot;:&quot;&quot;,&quot;caption&quot;:&quot;&quot;,&quot;itemprop&quot;:&quot;image&quot;},{&quot;src&quot;:&quot;https:\\\/\\\/i0.wp.com\\\/www.svoboda-senovo.si\\\/wp-content\\\/uploads\\\/2019\\\/11\\\/COB24621-scaled.jpg?fit=2560%2C1707\\u0026ssl=1&quot;,&quot;id&quot;:&quot;949&quot;,&quot;title&quot;:&quot;COB24621&quot;,&quot;alt&quot;:&quot;&quot;,&quot;caption&quot;:&quot;&quot;,&quot;itemprop&quot;:&quot;image&quot;},{&quot;src&quot;:&quot;https:\\\/\\\/i0.wp.com\\\/www.svoboda-senovo.si\\\/wp-content\\\/uploads\\\/2019\\\/11\\\/COB24625-scaled.jpg?fit=2560%2C1707\\u0026ssl=1&quot;,&quot;id&quot;:&quot;951&quot;,&quot;title&quot;:&quot;COB24625&quot;,&quot;alt&quot;:&quot;&quot;,&quot;caption&quot;:&quot;&quot;,&quot;itemprop&quot;:&quot;image&quot;},{&quot;src&quot;:&quot;https:\\\/\\\/i0.wp.com\\\/www.svoboda-senovo.si\\\/wp-content\\\/uploads\\\/2019\\\/11\\\/COB24628-scaled.jpg?fit=2560%2C1707\\u0026ssl=1&quot;,&quot;id&quot;:&quot;952&quot;,&quot;title&quot;:&quot;COB24628&quot;,&quot;alt&quot;:&quot;&quot;,&quot;caption&quot;:&quot;&quot;,&quot;itemprop&quot;:&quot;image&quot;},{&quot;src&quot;:&quot;https:\\\/\\\/i2.wp.com\\\/www.svoboda-senovo.si\\\/wp-content\\\/uploads\\\/2019\\\/11\\\/COB24629-scaled.jpg?fit=2560%2C1707\\u0026ssl=1&quot;,&quot;id&quot;:&quot;953&quot;,&quot;title&quot;:&quot;COB24629&quot;,&quot;alt&quot;:&quot;&quot;,&quot;caption&quot;:&quot;&quot;,&quot;itemprop&quot;:&quot;image&quot;},{&quot;src&quot;:&quot;https:\\\/\\\/i2.wp.com\\\/www.svoboda-senovo.si\\\/wp-content\\\/uploads\\\/2019\\\/11\\\/COB24631-scaled.jpg?fit=2560%2C1707\\u0026ssl=1&quot;,&quot;id&quot;:&quot;954&quot;,&quot;title&quot;:&quot;COB24631&quot;,&quot;alt&quot;:&quot;&quot;,&quot;caption&quot;:&quot;&quot;,&quot;itemprop&quot;:&quot;image&quot;},{&quot;src&quot;:&quot;https:\\\/\\\/i1.wp.com\\\/www.svoboda-senovo.si\\\/wp-content\\\/uploads\\\/2019\\\/11\\\/COB24633-scaled.jpg?fit=1707%2C2560\\u0026ssl=1&quot;,&quot;id&quot;:&quot;955&quot;,&quot;title&quot;:&quot;COB24633&quot;,&quot;alt&quot;:&quot;&quot;,&quot;caption&quot;:&quot;&quot;,&quot;itemprop&quot;:&quot;image&quot;}]\" itemscope itemtype=\"https:\/\/schema.org\/ImageGallery\"><\/div>\n<p>&nbsp;<\/p>\n<p><a href=\"https:\/\/i1.wp.com\/www.svoboda-senovo.si\/wp-content\/uploads\/2019\/10\/Lutkovna-Senovo-plakat-1-scaled.jpg?ssl=1\" data-rel=\"lightbox-image-0\" data-rl_title=\"\" data-rl_caption=\"\" title=\"\"><img data-attachment-id=\"957\" data-permalink=\"https:\/\/www.svoboda-senovo.si\/index.php\/2019\/10\/17\/10-let-s-pravljicnimi-lutkami\/lutkovna-senovo-plakat-1\/\" data-orig-file=\"https:\/\/i2.wp.com\/www.svoboda-senovo.si\/wp-content\/uploads\/2019\/10\/Lutkovna-Senovo-plakat-1-scaled-e1573805933883.jpg?fit=1829%2C2560&amp;ssl=1\" data-orig-size=\"1829,2560\" data-comments-opened=\"0\" data-image-meta=\"{&quot;aperture&quot;:&quot;0&quot;,&quot;credit&quot;:&quot;&quot;,&quot;camera&quot;:&quot;&quot;,&quot;caption&quot;:&quot;&quot;,&quot;created_timestamp&quot;:&quot;0&quot;,&quot;copyright&quot;:&quot;&quot;,&quot;focal_length&quot;:&quot;0&quot;,&quot;iso&quot;:&quot;0&quot;,&quot;shutter_speed&quot;:&quot;0&quot;,&quot;title&quot;:&quot;&quot;,&quot;orientation&quot;:&quot;0&quot;}\" data-image-title=\"Lutkovna Senovo plakat (1)\" data-image-description=\"\" data-image-caption=\"\" data-medium-file=\"https:\/\/i2.wp.com\/www.svoboda-senovo.si\/wp-content\/uploads\/2019\/10\/Lutkovna-Senovo-plakat-1-scaled-e1573805933883.jpg?fit=214%2C300&amp;ssl=1\" data-large-file=\"https:\/\/i2.wp.com\/www.svoboda-senovo.si\/wp-content\/uploads\/2019\/10\/Lutkovna-Senovo-plakat-1-scaled-e1573805933883.jpg?fit=731%2C1024&amp;ssl=1\" loading=\"lazy\" class=\"alignleft size-medium wp-image-957\" src=\"https:\/\/i1.wp.com\/www.svoboda-senovo.si\/wp-content\/uploads\/2019\/10\/Lutkovna-Senovo-plakat-1.jpg?resize=214%2C300&#038;ssl=1\" alt=\"\" width=\"214\" height=\"300\" data-recalc-dims=\"1\" \/><\/a><\/p>\n","protected":false},"excerpt":{"rendered":"<p>Lutkovna skupina DKD Svoboda Senovo je 16.oktobra 2019 pripravila slavnostno prireditev ob 10.obletnici delovanja. Ob tej prilo\u017enosti je skupina izdala knji\u017eico z naslovom 10 let s pravlji\u010dnimi lutkami, ki jo je uredila vodja skupine&#46;&#46;&#46;<\/p>\n","protected":false},"author":1,"featured_media":957,"comment_status":"closed","ping_status":"closed","sticky":false,"template":"","format":"standard","meta":{"spay_email":"","jetpack_publicize_message":"","jetpack_is_tweetstorm":false,"jetpack_publicize_feature_enabled":true},"categories":[17,6],"tags":[],"jetpack_featured_media_url":"https:\/\/i2.wp.com\/www.svoboda-senovo.si\/wp-content\/uploads\/2019\/10\/Lutkovna-Senovo-plakat-1-scaled-e1573805933883.jpg?fit=1829%2C2560&ssl=1","jetpack_publicize_connections":[],"jetpack_sharing_enabled":true,"jetpack_shortlink":"https:\/\/wp.me\/p8fvCk-eD","jetpack-related-posts":[{"id":1107,"url":"https:\/\/www.svoboda-senovo.si\/index.php\/2021\/05\/28\/obcni-zbor-dkd-svoboda-senovo-2021\/","url_meta":{"origin":907,"position":0},"title":"Ob\u010dni zbor DKD Svoboda Senovo 2021","date":"28. 5. 2021","format":false,"excerpt":"Delavsko kulturno dru\u0161tvo Svoboda Senovo je na zadnji majski \u010detrtek izvedlo redni letni ob\u010dni zbor. \u010clani so se zbrali na parkiri\u0161\u010du za Domom svobode na Senovem. Poleg rednih to\u010dk so bile tokrat na dnevnem redu tudi volitve v organe dru\u0161tva. Predsedni\u0161ki mandat so drugi\u010d zapored zaupali Jo\u017eetu \u0160olnu, na podpredsedni\u0161kem\u2026","rel":"","context":"In &quot;DRU\u0160TVO&quot;","img":{"alt_text":"","src":"","width":0,"height":0},"classes":[]},{"id":1208,"url":"https:\/\/www.svoboda-senovo.si\/index.php\/2024\/12\/05\/gledaliska-skupina-dkd-svoboda-senovo-vabi-na-premiero-komedije-terme-bohor\/","url_meta":{"origin":907,"position":1},"title":"Gledali\u0161ka skupina DKD Svoboda Senovo vabi na premiero komedije TERME BOHOR","date":"5. 12. 2024","format":false,"excerpt":"Ste vedeli, da imajo na Bohorju tudi termalne vrelce? To je odkrila francoska bogata\u0161inja, ki se je odlo\u010dila sredi bohorskega hribovja postaviti mondeno termalno riviero, ki bo konkurenca raznim Dobovam in \u010cate\u0161kim toplicam v okolici. Nekateri ji sicer o\u010ditajo, da \u0161e niso sli\u0161ali, da bi na Bohorju imeli termalne vrelce.\u2026","rel":"","context":"In &quot;GLEDALI\u0160KA SEKCIJA&quot;","img":{"alt_text":"Terme Bohor - povabilo na premiero in 1. ponovitev","src":"https:\/\/i2.wp.com\/www.svoboda-senovo.si\/wp-content\/uploads\/2024\/12\/Terme-Bohor.jpg?fit=915%2C1200&ssl=1&resize=350%2C200","width":350,"height":200},"classes":[]},{"id":29,"url":"https:\/\/www.svoboda-senovo.si\/index.php\/2016\/03\/15\/visoka-priznanja-za-nase-clane\/","url_meta":{"origin":907,"position":2},"title":"VISOKA PRIZNANJA ZA NA\u0160E \u010cLANE","date":"15. 3. 2016","format":false,"excerpt":"1.\u00a0 \u00a0Priznanje z znakom KS Senovo je prejela gospa Tatjana Udu\u010d Tatjana Udu\u010d bo letos praznovala 30 letnico delovanja v Folklorni skupini DKD Svoboda Senovo. Njena predanost ohranjanju ljudskega izro\u010dila jo je od plesalke privedla do prou\u010devalke ljudskih plesov ter avtorice dveh spletov, ki jih izvaja doma\u010da folklorna skupina. Svoje\u2026","rel":"","context":"In &quot;DRU\u0160TVO&quot;","img":{"alt_text":"","src":"https:\/\/i1.wp.com\/www.svoboda-senovo.si\/wp-content\/uploads\/2016\/03\/Priznanja-1.jpg?fit=1200%2C502&ssl=1&resize=350%2C200","width":350,"height":200},"classes":[]},{"id":960,"url":"https:\/\/www.svoboda-senovo.si\/index.php\/2019\/10\/20\/nastop-lutkovne-skupine-za-pgd-raka\/","url_meta":{"origin":907,"position":3},"title":"Nastop lutkovne skupine za PGD Raka","date":"20. 10. 2019","format":false,"excerpt":"Lutkovna skupina DKD Svoboda Senovo je 18.10.2018 izvedla predstavo za PGD Raka. \u00a0","rel":"","context":"In &quot;FOTOGALERIJA&quot;","img":{"alt_text":"","src":"https:\/\/i1.wp.com\/www.svoboda-senovo.si\/wp-content\/uploads\/2019\/11\/nastop-Raka2.jpg?fit=1200%2C675&ssl=1&resize=350%2C200","width":350,"height":200},"classes":[]},{"id":1033,"url":"https:\/\/www.svoboda-senovo.si\/index.php\/2020\/02\/11\/presernovi-nagrajenci-dkd-svoboda-senovo\/","url_meta":{"origin":907,"position":4},"title":"Pre\u0161ernovi nagrajenci DKD Svoboda Senovo","date":"11. 2. 2020","format":false,"excerpt":"Ob slovenskem kulturnem prazniku je Zveza kulturnih dru\u0161tev Kr\u0161ko podelila Pre\u0161ernove plakete in priznanja za predano delo in izredne uspehe na podro\u010dju ljubiteljske kulture na osrednji ob\u010dinski proslavi 7.2.2020 v Kulturnem domu Kr\u0161ko. Med prejemniki so bili tudi tokrat na\u0161i \u010dlani, med prejemniki so bili: Tanja Tu\u0161ek Sotel\u0161ek - Bronasta\u2026","rel":"","context":"In &quot;DRU\u0160TVO&quot;","img":{"alt_text":"","src":"https:\/\/i2.wp.com\/www.svoboda-senovo.si\/wp-content\/uploads\/2020\/02\/France-Pre\u0161eren2.jpg?fit=400%2C400&ssl=1&resize=350%2C200","width":350,"height":200},"classes":[]},{"id":983,"url":"https:\/\/www.svoboda-senovo.si\/index.php\/2019\/11\/15\/gledaliska-skupina-se-je-uvrstila-32-cufarjeve-dneve\/","url_meta":{"origin":907,"position":5},"title":"Gledali\u0161ka skupina se je uvrstila 32. \u010cufarjeve dneve","date":"15. 11. 2019","format":false,"excerpt":"S predstavo Show strahov se je Gledali\u0161ka skupina DKD Svoboda Senovo uvrstila na 32. \u010cufarjeve dneve na Jesenicah. Nastopili bomo v nedeljo, 17. 11. 2019, ob 10. uri. Veseli bomo, \u010de nas pridete pogledat in nam zaploskat! \u00a0 \u00a0 \u00a0 \u00a0 \u00a0 \u00a0","rel":"","context":"In &quot;GLEDALI\u0160KA SEKCIJA&quot;","img":{"alt_text":"","src":"https:\/\/i0.wp.com\/www.svoboda-senovo.si\/wp-content\/uploads\/2019\/11\/show-strahov-gledaliski-list-03_Page1-scaled.jpg?resize=350%2C200","width":350,"height":200},"classes":[]}],"_links":{"self":[{"href":"https:\/\/www.svoboda-senovo.si\/index.php\/wp-json\/wp\/v2\/posts\/907"}],"collection":[{"href":"https:\/\/www.svoboda-senovo.si\/index.php\/wp-json\/wp\/v2\/posts"}],"about":[{"href":"https:\/\/www.svoboda-senovo.si\/index.php\/wp-json\/wp\/v2\/types\/post"}],"author":[{"embeddable":true,"href":"https:\/\/www.svoboda-senovo.si\/index.php\/wp-json\/wp\/v2\/users\/1"}],"replies":[{"embeddable":true,"href":"https:\/\/www.svoboda-senovo.si\/index.php\/wp-json\/wp\/v2\/comments?post=907"}],"version-history":[{"count":3,"href":"https:\/\/www.svoboda-senovo.si\/index.php\/wp-json\/wp\/v2\/posts\/907\/revisions"}],"predecessor-version":[{"id":959,"href":"https:\/\/www.svoboda-senovo.si\/index.php\/wp-json\/wp\/v2\/posts\/907\/revisions\/959"}],"wp:featuredmedia":[{"embeddable":true,"href":"https:\/\/www.svoboda-senovo.si\/index.php\/wp-json\/wp\/v2\/media\/957"}],"wp:attachment":[{"href":"https:\/\/www.svoboda-senovo.si\/index.php\/wp-json\/wp\/v2\/media?parent=907"}],"wp:term":[{"taxonomy":"category","embeddable":true,"href":"https:\/\/www.svoboda-senovo.si\/index.php\/wp-json\/wp\/v2\/categories?post=907"},{"taxonomy":"post_tag","embeddable":true,"href":"https:\/\/www.svoboda-senovo.si\/index.php\/wp-json\/wp\/v2\/tags?post=907"}],"curies":[{"name":"wp","href":"https:\/\/api.w.org\/{rel}","templated":true}]}}