{"id":900,"date":"2019-05-27T18:06:29","date_gmt":"2019-05-27T16:06:29","guid":{"rendered":"https:\/\/www.svoboda-senovo.si\/?p=900"},"modified":"2019-05-27T18:06:29","modified_gmt":"2019-05-27T16:06:29","slug":"koncert-pihalnega-orkestra","status":"publish","type":"post","link":"https:\/\/www.svoboda-senovo.si\/index.php\/2019\/05\/27\/koncert-pihalnega-orkestra\/","title":{"rendered":"Koncert pihalnega orkestra"},"content":{"rendered":"<p><a href=\"https:\/\/i0.wp.com\/www.svoboda-senovo.si\/wp-content\/uploads\/2019\/05\/plakat-junij-2019.jpg?ssl=1\" data-rel=\"lightbox-image-0\" data-rl_title=\"\" data-rl_caption=\"\" title=\"\"><img data-attachment-id=\"901\" data-permalink=\"https:\/\/www.svoboda-senovo.si\/index.php\/2019\/05\/27\/koncert-pihalnega-orkestra\/plakat-junij-2019\/\" data-orig-file=\"https:\/\/i0.wp.com\/www.svoboda-senovo.si\/wp-content\/uploads\/2019\/05\/plakat-junij-2019.jpg?fit=5909%2C8270&amp;ssl=1\" data-orig-size=\"5909,8270\" data-comments-opened=\"0\" data-image-meta=\"{&quot;aperture&quot;:&quot;0&quot;,&quot;credit&quot;:&quot;Jo\\u017ee&quot;,&quot;camera&quot;:&quot;&quot;,&quot;caption&quot;:&quot;&quot;,&quot;created_timestamp&quot;:&quot;1558089383&quot;,&quot;copyright&quot;:&quot;&quot;,&quot;focal_length&quot;:&quot;0&quot;,&quot;iso&quot;:&quot;0&quot;,&quot;shutter_speed&quot;:&quot;0&quot;,&quot;title&quot;:&quot;&quot;,&quot;orientation&quot;:&quot;0&quot;}\" data-image-title=\"plakat junij 2019\" data-image-description=\"\" data-image-caption=\"\" data-medium-file=\"https:\/\/i0.wp.com\/www.svoboda-senovo.si\/wp-content\/uploads\/2019\/05\/plakat-junij-2019.jpg?fit=214%2C300&amp;ssl=1\" data-large-file=\"https:\/\/i0.wp.com\/www.svoboda-senovo.si\/wp-content\/uploads\/2019\/05\/plakat-junij-2019.jpg?fit=732%2C1024&amp;ssl=1\" loading=\"lazy\" class=\"alignleft size-medium wp-image-901\" src=\"https:\/\/i0.wp.com\/www.svoboda-senovo.si\/wp-content\/uploads\/2019\/05\/plakat-junij-2019.jpg?resize=214%2C300&#038;ssl=1\" alt=\"\" width=\"214\" height=\"300\" srcset=\"https:\/\/i0.wp.com\/www.svoboda-senovo.si\/wp-content\/uploads\/2019\/05\/plakat-junij-2019.jpg?resize=214%2C300&amp;ssl=1 214w, https:\/\/i0.wp.com\/www.svoboda-senovo.si\/wp-content\/uploads\/2019\/05\/plakat-junij-2019.jpg?resize=768%2C1075&amp;ssl=1 768w, https:\/\/i0.wp.com\/www.svoboda-senovo.si\/wp-content\/uploads\/2019\/05\/plakat-junij-2019.jpg?resize=732%2C1024&amp;ssl=1 732w, https:\/\/i0.wp.com\/www.svoboda-senovo.si\/wp-content\/uploads\/2019\/05\/plakat-junij-2019.jpg?w=2000&amp;ssl=1 2000w, https:\/\/i0.wp.com\/www.svoboda-senovo.si\/wp-content\/uploads\/2019\/05\/plakat-junij-2019.jpg?w=3000&amp;ssl=1 3000w\" sizes=\"(max-width: 214px) 100vw, 214px\" data-recalc-dims=\"1\" \/><\/a><\/p>\n","protected":false},"excerpt":{"rendered":"","protected":false},"author":1,"featured_media":0,"comment_status":"closed","ping_status":"closed","sticky":false,"template":"","format":"standard","meta":{"spay_email":"","jetpack_publicize_message":"","jetpack_is_tweetstorm":false,"jetpack_publicize_feature_enabled":true},"categories":[7],"tags":[],"jetpack_featured_media_url":"","jetpack_publicize_connections":[],"jetpack_sharing_enabled":true,"jetpack_shortlink":"https:\/\/wp.me\/p8fvCk-ew","jetpack-related-posts":[{"id":329,"url":"https:\/\/www.svoboda-senovo.si\/index.php\/2017\/12\/21\/vabljeni-na-tradicionalni-bozicni-koncert-pihalnega-orkestra\/","url_meta":{"origin":900,"position":0},"title":"Vabljeni na tradicionalni bo\u017ei\u010dni koncert pihalnega orkestra","date":"21. 12. 2017","format":false,"excerpt":"Pihalni orkester DKD Svoboda Senovo vas tudi letos vabi na tradicionalni bo\u017ei\u010dno-novoletni koncert, ki bo v ponedeljek, 25. decembra, ob 18. uri, v dvorani Doma XIV. Divizije Senovo. Pihalni orkester nam bo bo\u017ei\u010dni ve\u010der polep\u0161al z orkestrskimi deli, izvedbami znanih prazni\u010dnih melodij, kot gostja na solo sopranu pa se jim\u2026","rel":"","context":"In &quot;PIHALNI ORKESTER&quot;","img":{"alt_text":"","src":"https:\/\/i0.wp.com\/www.svoboda-senovo.si\/wp-content\/uploads\/2017\/12\/letak-bo\u017ei\u010d-2017-A5_cover.jpg?fit=1200%2C763&ssl=1&resize=350%2C200","width":350,"height":200},"classes":[]},{"id":1158,"url":"https:\/\/www.svoboda-senovo.si\/index.php\/2022\/12\/12\/koncert-po-2022\/","url_meta":{"origin":900,"position":1},"title":"Bo\u017ei\u010dno-novoletni koncert Pihalnega orkestra DKD Svoboda Senovo","date":"12. 12. 2022","format":"image","excerpt":"","rel":"","context":"In &quot;PIHALNI ORKESTER&quot;","img":{"alt_text":"","src":"https:\/\/i1.wp.com\/www.svoboda-senovo.si\/wp-content\/uploads\/2022\/12\/PO-LETAK-2022.jpg?fit=845%2C1200&ssl=1&resize=350%2C200","width":350,"height":200},"classes":[]},{"id":1300,"url":"https:\/\/www.svoboda-senovo.si\/index.php\/2025\/12\/15\/vabilo-na-bozicno-novoletni-koncert-pihalnega-orkestra-dkd-svoboda-senovo\/","url_meta":{"origin":900,"position":2},"title":"Vabilo na Bo\u017ei\u010dno-novoletni koncert Pihalnega orkestra DKD Svoboda Senovo","date":"15. 12. 2025","format":false,"excerpt":"Prazni\u010dni \u010das bo tudi letos obarvan glasbeno. Z najve\u010djim veseljem vas vabimo na tradicionalni bo\u017ei\u010dno-novoletni koncert Pihalnega orkestra DKD Svoboda Senovo, ki bo v \u010detrtek, 25. decembra 2025, ob 18. uri v dvorani Doma XIV. divizije Senovo. Pod taktirko dirigenta Lovra A\u0161i\u010da bo orkester pripravil raznolik in prazni\u010dno obarvan program.\u2026","rel":"","context":"In &quot;PIHALNI ORKESTER&quot;","img":{"alt_text":"","src":"https:\/\/i2.wp.com\/www.svoboda-senovo.si\/wp-content\/uploads\/2025\/12\/2025_novoletni-koncert_plakat.jpg?fit=850%2C1200&ssl=1&resize=350%2C200","width":350,"height":200},"classes":[]},{"id":156,"url":"https:\/\/www.svoboda-senovo.si\/index.php\/2016\/12\/26\/pihalni-orkester-izvedel-tradicionalni-bozicni-koncert\/","url_meta":{"origin":900,"position":3},"title":"Pihalni orkester izvedel tradicionalni bo\u017ei\u010dni koncert","date":"26. 12. 2016","format":"gallery","excerpt":"Pihalni orkester DKD Svoboda Senovo je \u017ee tradicionalno pripravil bo\u017ei\u010dno - novoletni koncert, ki je tudi tokrat potekal na bo\u017ei\u010d. Leto\u0161nja gosta orkestra sta bila tenorist Rok Feren\u010dak in solist na hornu, Jernej Ciglar, ki je \u010dlan orkestra. S prazni\u010dnim programom je orkester navdu\u0161il polno dvorano. Koncert je bil v\u2026","rel":"","context":"In &quot;FOTOGALERIJA&quot;","img":{"alt_text":"","src":"https:\/\/i1.wp.com\/www.svoboda-senovo.si\/wp-content\/uploads\/2016\/12\/15724878_1435586253132153_2029489600992744355_o.jpg?fit=1200%2C800&ssl=1&resize=350%2C200","width":350,"height":200},"classes":[]},{"id":72,"url":"https:\/\/www.svoboda-senovo.si\/index.php\/2015\/09\/23\/pihalni-orkester-izvedel-promenadni-koncert\/","url_meta":{"origin":900,"position":4},"title":"PIHALNI ORKESTER IZVEDEL PROMENADNI KONCERT","date":"23. 9. 2015","format":false,"excerpt":"V soboto, 12.9.2015, smo ob 10. uri izvedli promenadni koncert na plo\u0161\u010dadi pred kulturnim domom XIV. divizije Senovo. Prireditev je potekala so\u010dasno s sobotno tr\u017enico na Senovem.","rel":"","context":"In &quot;PIHALNI ORKESTER&quot;","img":{"alt_text":"","src":"https:\/\/i0.wp.com\/www.svoboda-senovo.si\/wp-content\/uploads\/2016\/03\/CAM00757.jpg?fit=1200%2C757&ssl=1&resize=350%2C200","width":350,"height":200},"classes":[]},{"id":360,"url":"https:\/\/www.svoboda-senovo.si\/index.php\/2017\/12\/28\/marija-erjavec-in-pihalni-orkester-navdusili-obcinstvo\/","url_meta":{"origin":900,"position":5},"title":"Marija Erjavec in pihalni orkester navdu\u0161ili ob\u010dinstvo","date":"28. 12. 2017","format":"gallery","excerpt":"V ponedeljek, 25.12.2017, je Pihalni orkester DKD Svoboda Senovo izvedel tradicionalni bo\u017ei\u010dno-novoletni koncert, ki ga orkester pripravlja \u017ee ve\u010d kot 15 let na bo\u017ei\u010dni dan. Tokrat ga je popestrila sopranistka Marija Erjavec, ki je s svojim petjem navdu\u0161ila nabito polno dvorano kulturnega doma na Senovem.","rel":"","context":"In &quot;PIHALNI ORKESTER&quot;","img":{"alt_text":"","src":"https:\/\/i1.wp.com\/www.svoboda-senovo.si\/wp-content\/uploads\/2017\/12\/DSCF2554.jpg?fit=1200%2C800&ssl=1&resize=350%2C200","width":350,"height":200},"classes":[]}],"_links":{"self":[{"href":"https:\/\/www.svoboda-senovo.si\/index.php\/wp-json\/wp\/v2\/posts\/900"}],"collection":[{"href":"https:\/\/www.svoboda-senovo.si\/index.php\/wp-json\/wp\/v2\/posts"}],"about":[{"href":"https:\/\/www.svoboda-senovo.si\/index.php\/wp-json\/wp\/v2\/types\/post"}],"author":[{"embeddable":true,"href":"https:\/\/www.svoboda-senovo.si\/index.php\/wp-json\/wp\/v2\/users\/1"}],"replies":[{"embeddable":true,"href":"https:\/\/www.svoboda-senovo.si\/index.php\/wp-json\/wp\/v2\/comments?post=900"}],"version-history":[{"count":1,"href":"https:\/\/www.svoboda-senovo.si\/index.php\/wp-json\/wp\/v2\/posts\/900\/revisions"}],"predecessor-version":[{"id":902,"href":"https:\/\/www.svoboda-senovo.si\/index.php\/wp-json\/wp\/v2\/posts\/900\/revisions\/902"}],"wp:attachment":[{"href":"https:\/\/www.svoboda-senovo.si\/index.php\/wp-json\/wp\/v2\/media?parent=900"}],"wp:term":[{"taxonomy":"category","embeddable":true,"href":"https:\/\/www.svoboda-senovo.si\/index.php\/wp-json\/wp\/v2\/categories?post=900"},{"taxonomy":"post_tag","embeddable":true,"href":"https:\/\/www.svoboda-senovo.si\/index.php\/wp-json\/wp\/v2\/tags?post=900"}],"curies":[{"name":"wp","href":"https:\/\/api.w.org\/{rel}","templated":true}]}}