{"id":880,"date":"2019-03-09T06:45:17","date_gmt":"2019-03-09T05:45:17","guid":{"rendered":"https:\/\/www.svoboda-senovo.si\/?p=880"},"modified":"2019-03-09T06:45:17","modified_gmt":"2019-03-09T05:45:17","slug":"vabilo-na-zbor-clanov-dkd-svoboda-senovo-2","status":"publish","type":"post","link":"https:\/\/www.svoboda-senovo.si\/index.php\/2019\/03\/09\/vabilo-na-zbor-clanov-dkd-svoboda-senovo-2\/","title":{"rendered":"Vabilo na zbor \u010dlanov DKD Svoboda Senovo"},"content":{"rendered":"<p>V\u00a0ponedeljek, 11.3.2019, vse \u010dlane dru\u0161tva in zainteresirano javnost ob 18. uri vabimo na letni zbor \u010dlanov DKD Svoboda Senovo, ki bo potekal v avli Doma XIV. divizije Senovo.<\/p>\n<p>PREDLAGAN DNEVNI RED:<\/p>\n<ol>\n<li>Otvoritev in pozdrav.<\/li>\n<li>Potrditev dnevnega reda.<\/li>\n<li>Izvolitev organov zbora \u010dlanov:<\/li>\n<li>a) delovno predsedstvo,<\/li>\n<li>b) verifikacijska komisija,<\/li>\n<li>c) zapisnikar,<\/li>\n<li>d) overitelja zapisnika.<\/li>\n<li>Poro\u010dilo verifikacijske komisije.<\/li>\n<li>Letno poro\u010dilo za leto 2018.<\/li>\n<li>Poro\u010dilo Nadzornega odbora za leto 2018.<\/li>\n<li>Poro\u010dilo \u010dastnega razsodi\u0161\u010da.<\/li>\n<li>Razprava po poro\u010dilih in sprejem poro\u010dil za leto 2018.<\/li>\n<li>Program dela dru\u0161tva in sekcij v letu 2019, razprava in sprejem.<\/li>\n<li>Finan\u010dni na\u010drt dru\u0161tva v letu 2019, razprava in sprejem.<\/li>\n<li>Status dru\u0161tva v javnem interesu na podro\u010dju kulture.<\/li>\n<li>Beseda gostov.<\/li>\n<li>Predlogi in pobude.<\/li>\n<li>Razno.<\/li>\n<\/ol>\n<p>Vabimo Vas, da se nam pridru\u017eite !<\/p>\n<p>Jo\u017ee \u0160oln, l.r.<br \/>\npredsednik DKD Svoboda Senovo<\/p>\n","protected":false},"excerpt":{"rendered":"<p>V\u00a0ponedeljek, 11.3.2019, vse \u010dlane dru\u0161tva in zainteresirano javnost ob 18. uri vabimo na letni zbor \u010dlanov DKD Svoboda Senovo, ki bo potekal v avli Doma XIV. divizije Senovo. PREDLAGAN DNEVNI RED: Otvoritev in pozdrav.&#46;&#46;&#46;<\/p>\n","protected":false},"author":1,"featured_media":0,"comment_status":"closed","ping_status":"closed","sticky":false,"template":"","format":"standard","meta":{"spay_email":"","jetpack_publicize_message":"","jetpack_is_tweetstorm":false,"jetpack_publicize_feature_enabled":true},"categories":[3],"tags":[],"jetpack_featured_media_url":"","jetpack_publicize_connections":[],"jetpack_sharing_enabled":true,"jetpack_shortlink":"https:\/\/wp.me\/p8fvCk-ec","jetpack-related-posts":[{"id":799,"url":"https:\/\/www.svoboda-senovo.si\/index.php\/2018\/03\/07\/vabilo-na-zbor-clanov-dkd-svoboda-senovo\/","url_meta":{"origin":880,"position":0},"title":"Vabilo na zbor \u010dlanov DKD Svoboda Senovo","date":"7. 3. 2018","format":false,"excerpt":"V soboto, 10.3.2018, vse \u010dlane dru\u0161tva in zainteresirano javnost ob 18. uri vabimo na letni zbor \u010dlanov DKD Svoboda Senovo, ki bo potekal v avli Doma XIV. divizije Senovo. PREDLAGAN DNEVNI RED: 1. Otvoritev in pozdrav. 2. Potrditev dnevnega reda. 3. Izvolitev organov zbora \u010dlanov: a) delovno predsedstvo, b) verifikacijska\u2026","rel":"","context":"In &quot;DRU\u0160TVO&quot;","img":{"alt_text":"","src":"","width":0,"height":0},"classes":[]},{"id":1307,"url":"https:\/\/www.svoboda-senovo.si\/index.php\/2026\/03\/22\/vabilo-na-redni-letni-zbor-clanov-dkd-svoboda-senovo\/","url_meta":{"origin":880,"position":1},"title":"Vabilo na redni letni zbor \u010dlanov DKD Svoboda Senovo","date":"22. 3. 2026","format":false,"excerpt":"DKD Svoboda Senovo vabi redne in podporne \u010dlane na\u00a0REDNI LETNI in VOLILNI ZBOR \u010cLANOV,\u00a0ki bo v\u00a0 SREDO, 25. 3. 2026, ob 18. uri v Domu Svobode na Senovem, Titova cesta 97. PREDLAGAN\u00a0 DNEVNI\u00a0 RED: Otvoritev in pozdrav. Potrditev dnevnega reda. Izvolitev organov zbora \u010dlanov: a) delovno predsedstvo, b) verifikacijska komisija,\u2026","rel":"","context":"In &quot;DRU\u0160TVO&quot;","img":{"alt_text":"","src":"","width":0,"height":0},"classes":[]},{"id":1117,"url":"https:\/\/www.svoboda-senovo.si\/index.php\/2022\/03\/31\/vabilo-na-redni-letni-zbor-clanov-2022\/","url_meta":{"origin":880,"position":2},"title":"Vabilo na redni letni zbor \u010dlanov","date":"31. 3. 2022","format":false,"excerpt":"Delavsko kulturno dru\u0161tvo Svoboda Senovo vabi redne in podporne \u010dlane na redni letni Zbor \u010dlanov, ki bo v \u010detrtek, 7. 4. 2022, ob 18. uri v Domu Svobode, Titova cesta 97, Senovo. PREDLAGAN\u00a0 DNEVNI\u00a0 RED: Otvoritev in pozdrav. Potrditev dnevnega reda. Izvolitev organov zbora \u010dlanov: a) delovno predsedstvo, b) verifikacijska\u2026","rel":"","context":"In &quot;DRU\u0160TVO&quot;","img":{"alt_text":"","src":"https:\/\/i0.wp.com\/www.svoboda-senovo.si\/wp-content\/uploads\/2016\/03\/cropped-dkd_logo.png?fit=512%2C512&ssl=1&resize=350%2C200","width":350,"height":200},"classes":[]},{"id":1193,"url":"https:\/\/www.svoboda-senovo.si\/index.php\/2024\/02\/15\/vabilo-na-redni-letni-zbor-clanov-3\/","url_meta":{"origin":880,"position":3},"title":"Vabilo na redni letni zbor \u010dlanov","date":"15. 2. 2024","format":false,"excerpt":"Delavsko kulturno dru\u0161tvo \"Svoboda\" Senovo vabi redne in podporne \u010dlane na\u00a0REDNI LETNI ZBOR \u010cLANOV,\u00a0ki bo v \u010detrtek, 22. 2. 2024, ob 18. uri, v Domu Svobode, Titova cesta 97, Senovo. PREDLAGAN DNEVNI RED: 1. Otvoritev in pozdrav. 2. Potrditev dnevnega reda. 3. Izvolitev organov zbora \u010dlanov: a) delovno predsedstvo b)\u2026","rel":"","context":"In &quot;DRU\u0160TVO&quot;","img":{"alt_text":"","src":"https:\/\/i0.wp.com\/www.svoboda-senovo.si\/wp-content\/uploads\/2016\/03\/cropped-dkd_logo.png?fit=512%2C512&ssl=1&resize=350%2C200","width":350,"height":200},"classes":[]},{"id":1177,"url":"https:\/\/www.svoboda-senovo.si\/index.php\/2023\/03\/05\/vabilo-na-redni-letni-zbor-clanov-2\/","url_meta":{"origin":880,"position":4},"title":"Vabilo na redni letni zbor \u010dlanov","date":"5. 3. 2023","format":false,"excerpt":"Delavsko kulturno dru\u0161tvo Svoboda Senovo vabi redne in podporne \u010dlane na redni letni Zbor \u010dlanov, ki bo v \u010detrtek, 9. 3. 2023, ob 18. uri v Domu Svobode, Titova cesta 97, Senovo. PREDLAGAN DNEVNI RED: 1. Otvoritev in pozdrav. 2. Potrditev dnevnega reda. 3. Izvolitev organov zbora \u010dlanov: a) delovno\u2026","rel":"","context":"In &quot;DRU\u0160TVO&quot;","img":{"alt_text":"","src":"https:\/\/i1.wp.com\/www.svoboda-senovo.si\/wp-content\/uploads\/2018\/02\/cropped-dkd_logo.png?fit=512%2C512&ssl=1&resize=350%2C200","width":350,"height":200},"classes":[]},{"id":1066,"url":"https:\/\/www.svoboda-senovo.si\/index.php\/2021\/05\/24\/vabilo-na-redni-letni-in-volilni-zbor-clanov\/","url_meta":{"origin":880,"position":5},"title":"Vabilo na redni letni in volilni zbor \u010dlanov","date":"24. 5. 2021","format":false,"excerpt":"Delavsko kulturno dru\u0161tvo \u00bbSvoboda\u00ab Senovo vabi redne in podporne \u010dlane na REDNI LETNI in VOLILNI ZBOR \u010cLANOV, v \u010detrtek, 27.05.2021, ob 18. uri na parkirnem prostoru za Domom Svobode na Senovem. PREDLAGAN DNEVNI RED: Otvoritev in pozdrav. Potrditev dnevnega reda. Izvolitev organov zbora \u010dlanov: a) delovno predsedstvo, b) verifikacijska komisija,\u2026","rel":"","context":"In &quot;DRU\u0160TVO&quot;","img":{"alt_text":"","src":"https:\/\/i1.wp.com\/www.svoboda-senovo.si\/wp-content\/uploads\/2018\/02\/cropped-dkd_logo.png?fit=512%2C512&ssl=1&resize=350%2C200","width":350,"height":200},"classes":[]}],"_links":{"self":[{"href":"https:\/\/www.svoboda-senovo.si\/index.php\/wp-json\/wp\/v2\/posts\/880"}],"collection":[{"href":"https:\/\/www.svoboda-senovo.si\/index.php\/wp-json\/wp\/v2\/posts"}],"about":[{"href":"https:\/\/www.svoboda-senovo.si\/index.php\/wp-json\/wp\/v2\/types\/post"}],"author":[{"embeddable":true,"href":"https:\/\/www.svoboda-senovo.si\/index.php\/wp-json\/wp\/v2\/users\/1"}],"replies":[{"embeddable":true,"href":"https:\/\/www.svoboda-senovo.si\/index.php\/wp-json\/wp\/v2\/comments?post=880"}],"version-history":[{"count":1,"href":"https:\/\/www.svoboda-senovo.si\/index.php\/wp-json\/wp\/v2\/posts\/880\/revisions"}],"predecessor-version":[{"id":885,"href":"https:\/\/www.svoboda-senovo.si\/index.php\/wp-json\/wp\/v2\/posts\/880\/revisions\/885"}],"wp:attachment":[{"href":"https:\/\/www.svoboda-senovo.si\/index.php\/wp-json\/wp\/v2\/media?parent=880"}],"wp:term":[{"taxonomy":"category","embeddable":true,"href":"https:\/\/www.svoboda-senovo.si\/index.php\/wp-json\/wp\/v2\/categories?post=880"},{"taxonomy":"post_tag","embeddable":true,"href":"https:\/\/www.svoboda-senovo.si\/index.php\/wp-json\/wp\/v2\/tags?post=880"}],"curies":[{"name":"wp","href":"https:\/\/api.w.org\/{rel}","templated":true}]}}