{"id":787,"date":"2018-02-20T05:52:48","date_gmt":"2018-02-20T04:52:48","guid":{"rendered":"https:\/\/www.svoboda-senovo.si\/?p=787"},"modified":"2018-02-20T06:39:04","modified_gmt":"2018-02-20T05:39:04","slug":"presernove-plakete-za-nase-clane","status":"publish","type":"post","link":"https:\/\/www.svoboda-senovo.si\/index.php\/2018\/02\/20\/presernove-plakete-za-nase-clane\/","title":{"rendered":"Pre\u0161ernove plakete za na\u0161e \u010dlane"},"content":{"rendered":"<p>Na osrednji ob\u010dinski proslavi ob slovenskem kulturnem dnevu so bili med nagrajenci tudi na\u0161i \u010dlani. Bronasto Pre\u0161ernovo plaketo so prejeli Marjanca Mlakar, Bo\u0161tjan Medve\u0161ek in Bojan Vov\u010dko, srebrno plaketo je prejela Ivana Hodulak, zlato pa Anton Petrovi\u010d.<\/p>\n<p><img data-attachment-id=\"788\" data-permalink=\"https:\/\/www.svoboda-senovo.si\/index.php\/2018\/02\/20\/presernove-plakete-za-nase-clane\/za-splet\/\" data-orig-file=\"https:\/\/i0.wp.com\/www.svoboda-senovo.si\/wp-content\/uploads\/2018\/02\/za-splet.jpg?fit=1024%2C719&amp;ssl=1\" data-orig-size=\"1024,719\" data-comments-opened=\"0\" data-image-meta=\"{&quot;aperture&quot;:&quot;0&quot;,&quot;credit&quot;:&quot;&quot;,&quot;camera&quot;:&quot;&quot;,&quot;caption&quot;:&quot;&quot;,&quot;created_timestamp&quot;:&quot;0&quot;,&quot;copyright&quot;:&quot;&quot;,&quot;focal_length&quot;:&quot;0&quot;,&quot;iso&quot;:&quot;0&quot;,&quot;shutter_speed&quot;:&quot;0&quot;,&quot;title&quot;:&quot;&quot;,&quot;orientation&quot;:&quot;0&quot;}\" data-image-title=\"za splet\" data-image-description=\"\" data-image-caption=\"\" data-medium-file=\"https:\/\/i0.wp.com\/www.svoboda-senovo.si\/wp-content\/uploads\/2018\/02\/za-splet.jpg?fit=300%2C211&amp;ssl=1\" data-large-file=\"https:\/\/i0.wp.com\/www.svoboda-senovo.si\/wp-content\/uploads\/2018\/02\/za-splet.jpg?fit=1024%2C719&amp;ssl=1\" loading=\"lazy\" class=\"alignnone size-medium wp-image-788\" src=\"https:\/\/i0.wp.com\/www.svoboda-senovo.si\/wp-content\/uploads\/2018\/02\/za-splet.jpg?resize=300%2C211&#038;ssl=1\" alt=\"\" width=\"300\" height=\"211\" srcset=\"https:\/\/i0.wp.com\/www.svoboda-senovo.si\/wp-content\/uploads\/2018\/02\/za-splet.jpg?resize=300%2C211&amp;ssl=1 300w, https:\/\/i0.wp.com\/www.svoboda-senovo.si\/wp-content\/uploads\/2018\/02\/za-splet.jpg?resize=768%2C539&amp;ssl=1 768w, https:\/\/i0.wp.com\/www.svoboda-senovo.si\/wp-content\/uploads\/2018\/02\/za-splet.jpg?w=1024&amp;ssl=1 1024w\" sizes=\"(max-width: 300px) 100vw, 300px\" data-recalc-dims=\"1\" \/><\/p>\n","protected":false},"excerpt":{"rendered":"<p>Na osrednji ob\u010dinski proslavi ob slovenskem kulturnem dnevu so bili med nagrajenci tudi na\u0161i \u010dlani. Bronasto Pre\u0161ernovo plaketo so prejeli Marjanca Mlakar, Bo\u0161tjan Medve\u0161ek in Bojan Vov\u010dko, srebrno plaketo je prejela Ivana Hodulak, zlato&#46;&#46;&#46;<\/p>\n","protected":false},"author":4,"featured_media":788,"comment_status":"closed","ping_status":"closed","sticky":false,"template":"","format":"standard","meta":{"spay_email":"","jetpack_publicize_message":"","jetpack_is_tweetstorm":false,"jetpack_publicize_feature_enabled":true},"categories":[4],"tags":[],"jetpack_featured_media_url":"https:\/\/i0.wp.com\/www.svoboda-senovo.si\/wp-content\/uploads\/2018\/02\/za-splet.jpg?fit=1024%2C719&ssl=1","jetpack_publicize_connections":[],"jetpack_sharing_enabled":true,"jetpack_shortlink":"https:\/\/wp.me\/p8fvCk-cH","jetpack-related-posts":[{"id":1033,"url":"https:\/\/www.svoboda-senovo.si\/index.php\/2020\/02\/11\/presernovi-nagrajenci-dkd-svoboda-senovo\/","url_meta":{"origin":787,"position":0},"title":"Pre\u0161ernovi nagrajenci DKD Svoboda Senovo","date":"11. 2. 2020","format":false,"excerpt":"Ob slovenskem kulturnem prazniku je Zveza kulturnih dru\u0161tev Kr\u0161ko podelila Pre\u0161ernove plakete in priznanja za predano delo in izredne uspehe na podro\u010dju ljubiteljske kulture na osrednji ob\u010dinski proslavi 7.2.2020 v Kulturnem domu Kr\u0161ko. Med prejemniki so bili tudi tokrat na\u0161i \u010dlani, med prejemniki so bili: Tanja Tu\u0161ek Sotel\u0161ek - Bronasta\u2026","rel":"","context":"In &quot;DRU\u0160TVO&quot;","img":{"alt_text":"","src":"https:\/\/i2.wp.com\/www.svoboda-senovo.si\/wp-content\/uploads\/2020\/02\/France-Pre\u0161eren2.jpg?fit=400%2C400&ssl=1&resize=350%2C200","width":350,"height":200},"classes":[]}],"_links":{"self":[{"href":"https:\/\/www.svoboda-senovo.si\/index.php\/wp-json\/wp\/v2\/posts\/787"}],"collection":[{"href":"https:\/\/www.svoboda-senovo.si\/index.php\/wp-json\/wp\/v2\/posts"}],"about":[{"href":"https:\/\/www.svoboda-senovo.si\/index.php\/wp-json\/wp\/v2\/types\/post"}],"author":[{"embeddable":true,"href":"https:\/\/www.svoboda-senovo.si\/index.php\/wp-json\/wp\/v2\/users\/4"}],"replies":[{"embeddable":true,"href":"https:\/\/www.svoboda-senovo.si\/index.php\/wp-json\/wp\/v2\/comments?post=787"}],"version-history":[{"count":2,"href":"https:\/\/www.svoboda-senovo.si\/index.php\/wp-json\/wp\/v2\/posts\/787\/revisions"}],"predecessor-version":[{"id":790,"href":"https:\/\/www.svoboda-senovo.si\/index.php\/wp-json\/wp\/v2\/posts\/787\/revisions\/790"}],"wp:featuredmedia":[{"embeddable":true,"href":"https:\/\/www.svoboda-senovo.si\/index.php\/wp-json\/wp\/v2\/media\/788"}],"wp:attachment":[{"href":"https:\/\/www.svoboda-senovo.si\/index.php\/wp-json\/wp\/v2\/media?parent=787"}],"wp:term":[{"taxonomy":"category","embeddable":true,"href":"https:\/\/www.svoboda-senovo.si\/index.php\/wp-json\/wp\/v2\/categories?post=787"},{"taxonomy":"post_tag","embeddable":true,"href":"https:\/\/www.svoboda-senovo.si\/index.php\/wp-json\/wp\/v2\/tags?post=787"}],"curies":[{"name":"wp","href":"https:\/\/api.w.org\/{rel}","templated":true}]}}