{"id":360,"date":"2017-12-28T10:23:15","date_gmt":"2017-12-28T09:23:15","guid":{"rendered":"https:\/\/www.svoboda-senovo.si\/?p=360"},"modified":"2017-12-28T10:23:15","modified_gmt":"2017-12-28T09:23:15","slug":"marija-erjavec-in-pihalni-orkester-navdusili-obcinstvo","status":"publish","type":"post","link":"https:\/\/www.svoboda-senovo.si\/index.php\/2017\/12\/28\/marija-erjavec-in-pihalni-orkester-navdusili-obcinstvo\/","title":{"rendered":"Marija Erjavec in pihalni orkester navdu\u0161ili ob\u010dinstvo"},"content":{"rendered":"<p>V ponedeljek, 25.12.2017, je Pihalni orkester DKD Svoboda Senovo izvedel tradicionalni bo\u017ei\u010dno-novoletni koncert, ki ga orkester pripravlja \u017ee ve\u010d kot 15 let na bo\u017ei\u010dni dan. Tokrat ga je popestrila sopranistka Marija Erjavec, ki je s svojim petjem navdu\u0161ila nabito polno dvorano kulturnega doma na Senovem.<\/p>\n","protected":false},"excerpt":{"rendered":"<p>V ponedeljek, 25.12.2017, je Pihalni orkester DKD Svoboda Senovo izvedel tradicionalni bo\u017ei\u010dno-novoletni koncert, ki ga orkester pripravlja \u017ee ve\u010d kot 15 let na bo\u017ei\u010dni dan. Tokrat ga je popestrila sopranistka Marija Erjavec, ki je&#46;&#46;&#46;<\/p>\n","protected":false},"author":1,"featured_media":414,"comment_status":"closed","ping_status":"closed","sticky":false,"template":"","format":"gallery","meta":{"spay_email":"","jetpack_publicize_message":"","jetpack_is_tweetstorm":false,"jetpack_publicize_feature_enabled":true},"categories":[7],"tags":[],"jetpack_featured_media_url":"https:\/\/i1.wp.com\/www.svoboda-senovo.si\/wp-content\/uploads\/2017\/12\/DSCF2554.jpg?fit=2999%2C1999&ssl=1","jetpack_publicize_connections":[],"jetpack_sharing_enabled":true,"jetpack_shortlink":"https:\/\/wp.me\/p8fvCk-5O","jetpack-related-posts":[{"id":329,"url":"https:\/\/www.svoboda-senovo.si\/index.php\/2017\/12\/21\/vabljeni-na-tradicionalni-bozicni-koncert-pihalnega-orkestra\/","url_meta":{"origin":360,"position":0},"title":"Vabljeni na tradicionalni bo\u017ei\u010dni koncert pihalnega orkestra","date":"21. 12. 2017","format":false,"excerpt":"Pihalni orkester DKD Svoboda Senovo vas tudi letos vabi na tradicionalni bo\u017ei\u010dno-novoletni koncert, ki bo v ponedeljek, 25. decembra, ob 18. uri, v dvorani Doma XIV. Divizije Senovo. Pihalni orkester nam bo bo\u017ei\u010dni ve\u010der polep\u0161al z orkestrskimi deli, izvedbami znanih prazni\u010dnih melodij, kot gostja na solo sopranu pa se jim\u2026","rel":"","context":"In &quot;PIHALNI ORKESTER&quot;","img":{"alt_text":"","src":"https:\/\/i0.wp.com\/www.svoboda-senovo.si\/wp-content\/uploads\/2017\/12\/letak-bo\u017ei\u010d-2017-A5_cover.jpg?fit=1200%2C763&ssl=1&resize=350%2C200","width":350,"height":200},"classes":[]},{"id":156,"url":"https:\/\/www.svoboda-senovo.si\/index.php\/2016\/12\/26\/pihalni-orkester-izvedel-tradicionalni-bozicni-koncert\/","url_meta":{"origin":360,"position":1},"title":"Pihalni orkester izvedel tradicionalni bo\u017ei\u010dni koncert","date":"26. 12. 2016","format":"gallery","excerpt":"Pihalni orkester DKD Svoboda Senovo je \u017ee tradicionalno pripravil bo\u017ei\u010dno - novoletni koncert, ki je tudi tokrat potekal na bo\u017ei\u010d. Leto\u0161nja gosta orkestra sta bila tenorist Rok Feren\u010dak in solist na hornu, Jernej Ciglar, ki je \u010dlan orkestra. S prazni\u010dnim programom je orkester navdu\u0161il polno dvorano. Koncert je bil v\u2026","rel":"","context":"In &quot;FOTOGALERIJA&quot;","img":{"alt_text":"","src":"https:\/\/i1.wp.com\/www.svoboda-senovo.si\/wp-content\/uploads\/2016\/12\/15724878_1435586253132153_2029489600992744355_o.jpg?fit=1200%2C800&ssl=1&resize=350%2C200","width":350,"height":200},"classes":[]},{"id":72,"url":"https:\/\/www.svoboda-senovo.si\/index.php\/2015\/09\/23\/pihalni-orkester-izvedel-promenadni-koncert\/","url_meta":{"origin":360,"position":2},"title":"PIHALNI ORKESTER IZVEDEL PROMENADNI KONCERT","date":"23. 9. 2015","format":false,"excerpt":"V soboto, 12.9.2015, smo ob 10. uri izvedli promenadni koncert na plo\u0161\u010dadi pred kulturnim domom XIV. divizije Senovo. Prireditev je potekala so\u010dasno s sobotno tr\u017enico na Senovem.","rel":"","context":"In &quot;PIHALNI ORKESTER&quot;","img":{"alt_text":"","src":"https:\/\/i0.wp.com\/www.svoboda-senovo.si\/wp-content\/uploads\/2016\/03\/CAM00757.jpg?fit=1200%2C757&ssl=1&resize=350%2C200","width":350,"height":200},"classes":[]},{"id":809,"url":"https:\/\/www.svoboda-senovo.si\/index.php\/2018\/08\/17\/pihalni-orkester-popestril-koprivnisko-noc\/","url_meta":{"origin":360,"position":3},"title":"Pihalni orkester popestril Koprivni\u0161ko no\u010d","date":"17. 8. 2018","format":"gallery","excerpt":"Pihalni orkester DKD Svoboda Senovo je pod novim vodstvom Ma\u0161e \u017dvegli\u010d - Polj\u0161ak navdu\u0161il publiko v Koprivnici. Kot predskupina ansamblu Modrijani so se godbeniki \u0161tevil\u010dni publiki predstavili z izvedbami Fascinating Drums, Avsenikovega potpourija ter kora\u010dnic. \u00a0","rel":"","context":"In &quot;PIHALNI ORKESTER&quot;","img":{"alt_text":"","src":"https:\/\/i1.wp.com\/www.svoboda-senovo.si\/wp-content\/uploads\/2018\/09\/39385778_2203855003167354_7685166337726873600_o.jpg?fit=1200%2C795&ssl=1&resize=350%2C200","width":350,"height":200},"classes":[]},{"id":866,"url":"https:\/\/www.svoboda-senovo.si\/index.php\/2018\/12\/11\/vabilo-na-jubilejni-bozicno-novoletni-koncert\/","url_meta":{"origin":360,"position":4},"title":"Vabilo na jubilejni bo\u017ei\u010dno novoletni koncert","date":"11. 12. 2018","format":false,"excerpt":"Pihalni orkester DKD Svoboda Senovo vabi na jubilejni bo\u017ei\u010dno novoletni koncert, ki ga orkester tradicionalno pripravlja na bo\u017ei\u010dni dan. Tokratni koncert bo \u0161e posebej prazni\u010den, saj orkester s koncertom obele\u017euje 90. obletnico delovanja. Koncert bo potekal pod vodstvom prof. Ma\u0161e \u017dvegli\u010d Polj\u0161ak, ki bo na senovskem odru dirigentsko pali\u010dico vihtela\u2026","rel":"","context":"In &quot;PIHALNI ORKESTER&quot;","img":{"alt_text":"","src":"https:\/\/i1.wp.com\/www.svoboda-senovo.si\/wp-content\/uploads\/2018\/12\/plakat-2018.jpg?fit=858%2C1200&ssl=1&resize=350%2C200","width":350,"height":200},"classes":[]},{"id":900,"url":"https:\/\/www.svoboda-senovo.si\/index.php\/2019\/05\/27\/koncert-pihalnega-orkestra\/","url_meta":{"origin":360,"position":5},"title":"Koncert pihalnega orkestra","date":"27. 5. 2019","format":false,"excerpt":"","rel":"","context":"In &quot;PIHALNI ORKESTER&quot;","img":{"alt_text":"","src":"https:\/\/i1.wp.com\/www.svoboda-senovo.si\/wp-content\/uploads\/2019\/05\/plakat-junij-2019-214x300.jpg?resize=350%2C200&ssl=1","width":350,"height":200},"classes":[]}],"_links":{"self":[{"href":"https:\/\/www.svoboda-senovo.si\/index.php\/wp-json\/wp\/v2\/posts\/360"}],"collection":[{"href":"https:\/\/www.svoboda-senovo.si\/index.php\/wp-json\/wp\/v2\/posts"}],"about":[{"href":"https:\/\/www.svoboda-senovo.si\/index.php\/wp-json\/wp\/v2\/types\/post"}],"author":[{"embeddable":true,"href":"https:\/\/www.svoboda-senovo.si\/index.php\/wp-json\/wp\/v2\/users\/1"}],"replies":[{"embeddable":true,"href":"https:\/\/www.svoboda-senovo.si\/index.php\/wp-json\/wp\/v2\/comments?post=360"}],"version-history":[{"count":1,"href":"https:\/\/www.svoboda-senovo.si\/index.php\/wp-json\/wp\/v2\/posts\/360\/revisions"}],"predecessor-version":[{"id":416,"href":"https:\/\/www.svoboda-senovo.si\/index.php\/wp-json\/wp\/v2\/posts\/360\/revisions\/416"}],"wp:featuredmedia":[{"embeddable":true,"href":"https:\/\/www.svoboda-senovo.si\/index.php\/wp-json\/wp\/v2\/media\/414"}],"wp:attachment":[{"href":"https:\/\/www.svoboda-senovo.si\/index.php\/wp-json\/wp\/v2\/media?parent=360"}],"wp:term":[{"taxonomy":"category","embeddable":true,"href":"https:\/\/www.svoboda-senovo.si\/index.php\/wp-json\/wp\/v2\/categories?post=360"},{"taxonomy":"post_tag","embeddable":true,"href":"https:\/\/www.svoboda-senovo.si\/index.php\/wp-json\/wp\/v2\/tags?post=360"}],"curies":[{"name":"wp","href":"https:\/\/api.w.org\/{rel}","templated":true}]}}