{"id":29,"date":"2016-03-15T10:43:14","date_gmt":"2016-03-15T09:43:14","guid":{"rendered":"http:\/\/server.diylab.si\/dkd-svoboda\/wordpress\/?p=29"},"modified":"2016-12-30T15:05:59","modified_gmt":"2016-12-30T14:05:59","slug":"visoka-priznanja-za-nase-clane","status":"publish","type":"post","link":"https:\/\/www.svoboda-senovo.si\/index.php\/2016\/03\/15\/visoka-priznanja-za-nase-clane\/","title":{"rendered":"VISOKA PRIZNANJA ZA NA\u0160E \u010cLANE"},"content":{"rendered":"<p><strong>1.\u00a0 \u00a0<\/strong><strong>Priznanje z znakom KS Senovo je prejela gospa Tatjana Udu\u010d<\/strong><\/p>\n<p>Tatjana Udu\u010d bo letos praznovala 30 letnico delovanja v Folklorni skupini DKD Svoboda Senovo. Njena predanost ohranjanju ljudskega izro\u010dila jo je od plesalke privedla do prou\u010devalke ljudskih plesov ter avtorice dveh spletov, ki jih izvaja doma\u010da folklorna skupina. Svoje znanje uspe\u0161no prena\u0161a na u\u010dence tukaj\u0161nje osnovne \u0161ole in druge. Preizkusila se je kot pesnica in izdala eno pesni\u0161ko zbirko. Pesni\u0161ko \u017eilico spretno uporablja tudi za sestavljanje razli\u010dnih recitalov ali povezovalnih besedil na \u0161tevilnih dru\u0161tvenih ali ostalih prireditvah v kraju in \u0161ir\u0161e. V \u010dasu delovanja v Koprivnici je bila uspe\u0161na re\u017eiserka gledali\u0161kih del, na Senovem pa jo sre\u010damo kot \u010dlanico gledali\u0161ke skupine.\u00a0 \u0160irino kulturnega udejstvovanja je dokazala tudi z ustanovitvijo lutkovne skupine, ki izvaja tudi njena avtorska dela.Je tudi \u010dlanica Gasilskega dru\u0161tva Mali Kamen in Turisti\u010dnega dru\u0161tva Senovo.<\/p>\n<p>\u0160irina njenega dela zahteva veliko \u0161tevilo ur prostovoljnega dela, za kar pa Tatjani ni \u017eal \u010dasa, saj z veseljem spremlja rezultate svojega uspe\u0161nega dela.<\/p>\n<p><strong>2.\u00a0\u00a0\u00a0\u00a0 <\/strong><strong>Priznanje z velikim znakom KS Senovo je prejel gospod Anton Gorenc<\/strong><\/p>\n<p>Gospod Anton Gorenc bi verjetno la\u017eje brez kruha kot brez glasbe, \u0161e posebej, \u010de vemo, da se z glasbo ukvarja \u017ee celo \u017eivljenje.<\/p>\n<p>\u017de kot mlad fant je igral bobne v razli\u010dnih zasedbah. Konec 70-ih let se je pridru\u017eil Pihalnemu orkestru Senovo, se z njim udele\u017eeval vseh tekmovanj in osvojil kar sedem zlatih plaket. Vrhunec pa je nedvomno zlata plaketa, ki jo je leta 1985 prejel v Cankarjevem domu. Le tu je Tone vrhunsko odigral solo na velikem bobnu v obvezni skladbi Sprenevedanje skladatelja Bojana Adami\u010da.<\/p>\n<p>Zadnja leta v orkestru igra tubo, kar je precej redek primer, da se tolkalec prelevi v\u00a0 trobilca.<\/p>\n<p>\u017de ve\u010d kot 30 let je \u010dlan narodno zabavnega ansambla Brodniki, zadnja leta pa je tudi uspe\u0161en zborovodja senov\u0161kih upokojencev. S svojim neizmernim talentom je ve\u010d kot nadomestil formalno glasbeno izobrazbo.<\/p>\n<p><strong>3. \u00a0 \u00a0 Pr<\/strong><strong>iznanje z velikim znakom KS Senovo prejme gospa Ana Breznikar<\/strong><\/p>\n<p>Gospa Ana Breznikar se je senovski gledali\u0161ki skupini pridru\u017eila leta 1958 in ji ostala zvesta vse do dana\u0161njih dni.<\/p>\n<p>V skoraj 60-ih letih gledali\u0161kega ustvarjanja je odigrala najrazli\u010dnej\u0161e like gledali\u0161kih delih. V mnogih od njih se je preizkusila tudi kot re\u017eiserka ali pomo\u010dnica re\u017eiserke. V \u00a0predstavah \u010caj za dve, Nasvidenje med zvezdami, Silvestrska sprava in \u0161e mnogih drugih je gospa Ana odigrala like, ki so bili enakovredni profesionalnim gledali\u0161kim igralcem. Z veseljem sprejema take izzive, z resnim pristopom in velikim spo\u0161tovanjem, z vsem svojim \u017earom in dostojanstvom do gledali\u0161ke vloge odigra vlogo izjemno prepri\u010dljivo.<\/p>\n<p>Vrsto let je Ana opravljala tudi delo tajnice dru\u0161tva, pet let je bila\u00a0 \u010dlanica nadzornega odbora, v letih od 2009 do leta 2015 smo ji \u010dlani zaupali tudi predsednikovanje in vodenje dru\u0161tva.<\/p>\n<p>V toliko letih delovanja in uspe\u0161nih nastopov postane \u010dlovek prepoznaven tudi v \u0161ir\u0161i dru\u017ebeni skupnosti, zato gospa Ana Breznikar nosi spo\u0161tljivo ime v na\u0161em kulturnem dru\u0161tvu in drugih organizacijah. Kot aktivna in uspe\u0161na se vklju\u010duje tudi v delo Lovske dru\u017eine Senovo, Ribi\u0161ke dru\u017eine Brestanica-Senovo, kjer prav tako dosega pomembne dose\u017eke in uspe\u0161no delovanje le teh.<\/p>\n","protected":false},"excerpt":{"rendered":"<p>1.\u00a0 \u00a0Priznanje z znakom KS Senovo je prejela gospa Tatjana Udu\u010d Tatjana Udu\u010d bo letos praznovala 30 letnico delovanja v Folklorni skupini DKD Svoboda Senovo. Njena predanost ohranjanju ljudskega izro\u010dila jo je od plesalke&#46;&#46;&#46;<\/p>\n","protected":false},"author":1,"featured_media":31,"comment_status":"closed","ping_status":"closed","sticky":false,"template":"","format":"standard","meta":{"spay_email":"","jetpack_publicize_message":"","jetpack_is_tweetstorm":false,"jetpack_publicize_feature_enabled":true},"categories":[3],"tags":[],"jetpack_featured_media_url":"https:\/\/i1.wp.com\/www.svoboda-senovo.si\/wp-content\/uploads\/2016\/03\/Priznanja-1.jpg?fit=1600%2C669&ssl=1","jetpack_publicize_connections":[],"jetpack_sharing_enabled":true,"jetpack_shortlink":"https:\/\/wp.me\/p8fvCk-t","jetpack-related-posts":[{"id":907,"url":"https:\/\/www.svoboda-senovo.si\/index.php\/2019\/10\/17\/10-let-s-pravljicnimi-lutkami\/","url_meta":{"origin":29,"position":0},"title":"10 let s pravlji\u010dnimi lutkami","date":"17. 10. 2019","format":false,"excerpt":"Lutkovna skupina DKD Svoboda Senovo je 16.oktobra 2019 pripravila slavnostno prireditev ob 10.obletnici delovanja. Ob tej prilo\u017enosti je skupina izdala knji\u017eico z naslovom 10 let s pravlji\u010dnimi lutkami, ki jo je uredila vodja skupine Tatjana Kolar. Prireditev je povezovala Tatjana Udu\u010d. Na prireditvi je vodja JSKD Tinka Vuki\u010d podelila jubilejne\u2026","rel":"","context":"In &quot;FOTOGALERIJA&quot;","img":{"alt_text":"","src":"https:\/\/i2.wp.com\/www.svoboda-senovo.si\/wp-content\/uploads\/2019\/10\/Lutkovna-Senovo-plakat-1-scaled-e1573805933883.jpg?fit=857%2C1200&ssl=1&resize=350%2C200","width":350,"height":200},"classes":[]},{"id":1107,"url":"https:\/\/www.svoboda-senovo.si\/index.php\/2021\/05\/28\/obcni-zbor-dkd-svoboda-senovo-2021\/","url_meta":{"origin":29,"position":1},"title":"Ob\u010dni zbor DKD Svoboda Senovo 2021","date":"28. 5. 2021","format":false,"excerpt":"Delavsko kulturno dru\u0161tvo Svoboda Senovo je na zadnji majski \u010detrtek izvedlo redni letni ob\u010dni zbor. \u010clani so se zbrali na parkiri\u0161\u010du za Domom svobode na Senovem. Poleg rednih to\u010dk so bile tokrat na dnevnem redu tudi volitve v organe dru\u0161tva. Predsedni\u0161ki mandat so drugi\u010d zapored zaupali Jo\u017eetu \u0160olnu, na podpredsedni\u0161kem\u2026","rel":"","context":"In &quot;DRU\u0160TVO&quot;","img":{"alt_text":"","src":"","width":0,"height":0},"classes":[]},{"id":90,"url":"https:\/\/www.svoboda-senovo.si\/index.php\/2016\/11\/16\/senovski-gledaliscniki-z-novo-komedijo-zdravnik-po-sili\/","url_meta":{"origin":29,"position":2},"title":"SENOVSKI GLEDALI\u0160\u010cNIKI Z NOVO KOMEDIJO ZDRAVNIK PO SILI","date":"16. 11. 2016","format":false,"excerpt":"Gledali\u0161ka skupina DKD Svoboda Senovo je, pod taktirko Bo\u017ee Ojster\u0161ek, na oder postavila novo gledali\u0161ko predstavo - Molierovo komedijo Zdravnik po sili. 350 let po nastanku in prvi uprizoritvi te komedije se tako 35-\u010dlanska zasedba DKD Svoboda Senovo predstavlja v popolnoma novem \u017eanru, ki je bil med doma\u010dim ob\u010dinstvom ve\u010d\u2026","rel":"","context":"In &quot;GLEDALI\u0160KA SEKCIJA&quot;","img":{"alt_text":"","src":"https:\/\/i2.wp.com\/www.svoboda-senovo.si\/wp-content\/uploads\/2016\/11\/COB_1944.jpg?fit=1024%2C683&ssl=1&resize=350%2C200","width":350,"height":200},"classes":[]},{"id":997,"url":"https:\/\/www.svoboda-senovo.si\/index.php\/2019\/11\/18\/kulturni-mozaik-2019\/","url_meta":{"origin":29,"position":3},"title":"Kulturni mozaik 2019","date":"18. 11. 2019","format":false,"excerpt":"V \u010detrtek, 21. novembra 2019, vas ob 18. uri vabimo na Kulturni mozaik 2019, prireditev, ki jo organizira Zveza kulturnih dru\u0161tev Kr\u0161ko, katere \u010dlan je tudi na\u0161e dru\u0161tvo. Poleg \u010dlanov lutkovne in gledali\u0161ke skupine na\u0161ega dru\u0161tva se bodo predstavili \u0161e \u010dlani dru\u0161tev: KD Anton A\u0161kerc Koprivnica KD Leskovec pri Kr\u0161kem\u2026","rel":"","context":"In &quot;DRU\u0160TVO&quot;","img":{"alt_text":"","src":"https:\/\/i1.wp.com\/www.svoboda-senovo.si\/wp-content\/uploads\/2019\/11\/image002-e1574064476423.jpg?fit=793%2C342&ssl=1&resize=350%2C200","width":350,"height":200},"classes":[]},{"id":1033,"url":"https:\/\/www.svoboda-senovo.si\/index.php\/2020\/02\/11\/presernovi-nagrajenci-dkd-svoboda-senovo\/","url_meta":{"origin":29,"position":4},"title":"Pre\u0161ernovi nagrajenci DKD Svoboda Senovo","date":"11. 2. 2020","format":false,"excerpt":"Ob slovenskem kulturnem prazniku je Zveza kulturnih dru\u0161tev Kr\u0161ko podelila Pre\u0161ernove plakete in priznanja za predano delo in izredne uspehe na podro\u010dju ljubiteljske kulture na osrednji ob\u010dinski proslavi 7.2.2020 v Kulturnem domu Kr\u0161ko. Med prejemniki so bili tudi tokrat na\u0161i \u010dlani, med prejemniki so bili: Tanja Tu\u0161ek Sotel\u0161ek - Bronasta\u2026","rel":"","context":"In &quot;DRU\u0160TVO&quot;","img":{"alt_text":"","src":"https:\/\/i2.wp.com\/www.svoboda-senovo.si\/wp-content\/uploads\/2020\/02\/France-Pre\u0161eren2.jpg?fit=400%2C400&ssl=1&resize=350%2C200","width":350,"height":200},"classes":[]},{"id":1081,"url":"https:\/\/www.svoboda-senovo.si\/index.php\/2021\/11\/07\/slovo-nase-clanice-ane-breznikar\/","url_meta":{"origin":29,"position":5},"title":"Slovo na\u0161e \u010dlanice Ane Breznikar","date":"7. 11. 2021","format":false,"excerpt":"\"\u017divljenje niso dnevi, ki so minili,\u00a0temve\u010d dnevi, ki smo si jih zapomnili.\" - Paulenko Z bole\u010dino v srcu sporo\u010damo, da nas je za vedno zapustila na\u0161a dolgoletna \u010dlanica Ana Breznikar. Kot \u010dlanica gledali\u0161ke sekcije na\u0161ega dru\u0161tva se je s \u0161tevilnimi odmevnimi vlogami, ki jih je odigrala z izjemnim ob\u010dutkom in\u2026","rel":"","context":"In &quot;DRU\u0160TVO&quot;","img":{"alt_text":"","src":"","width":0,"height":0},"classes":[]}],"_links":{"self":[{"href":"https:\/\/www.svoboda-senovo.si\/index.php\/wp-json\/wp\/v2\/posts\/29"}],"collection":[{"href":"https:\/\/www.svoboda-senovo.si\/index.php\/wp-json\/wp\/v2\/posts"}],"about":[{"href":"https:\/\/www.svoboda-senovo.si\/index.php\/wp-json\/wp\/v2\/types\/post"}],"author":[{"embeddable":true,"href":"https:\/\/www.svoboda-senovo.si\/index.php\/wp-json\/wp\/v2\/users\/1"}],"replies":[{"embeddable":true,"href":"https:\/\/www.svoboda-senovo.si\/index.php\/wp-json\/wp\/v2\/comments?post=29"}],"version-history":[{"count":2,"href":"https:\/\/www.svoboda-senovo.si\/index.php\/wp-json\/wp\/v2\/posts\/29\/revisions"}],"predecessor-version":[{"id":33,"href":"https:\/\/www.svoboda-senovo.si\/index.php\/wp-json\/wp\/v2\/posts\/29\/revisions\/33"}],"wp:featuredmedia":[{"embeddable":true,"href":"https:\/\/www.svoboda-senovo.si\/index.php\/wp-json\/wp\/v2\/media\/31"}],"wp:attachment":[{"href":"https:\/\/www.svoboda-senovo.si\/index.php\/wp-json\/wp\/v2\/media?parent=29"}],"wp:term":[{"taxonomy":"category","embeddable":true,"href":"https:\/\/www.svoboda-senovo.si\/index.php\/wp-json\/wp\/v2\/categories?post=29"},{"taxonomy":"post_tag","embeddable":true,"href":"https:\/\/www.svoboda-senovo.si\/index.php\/wp-json\/wp\/v2\/tags?post=29"}],"curies":[{"name":"wp","href":"https:\/\/api.w.org\/{rel}","templated":true}]}}