{"id":1066,"date":"2021-05-24T15:48:10","date_gmt":"2021-05-24T13:48:10","guid":{"rendered":"https:\/\/www.svoboda-senovo.si\/?p=1066"},"modified":"2021-05-24T15:52:50","modified_gmt":"2021-05-24T13:52:50","slug":"vabilo-na-redni-letni-in-volilni-zbor-clanov","status":"publish","type":"post","link":"https:\/\/www.svoboda-senovo.si\/index.php\/2021\/05\/24\/vabilo-na-redni-letni-in-volilni-zbor-clanov\/","title":{"rendered":"Vabilo na redni letni in volilni zbor \u010dlanov"},"content":{"rendered":"<p>Delavsko kulturno dru\u0161tvo \u00bbSvoboda\u00ab Senovo vabi redne in podporne \u010dlane na REDNI LETNI in VOLILNI ZBOR \u010cLANOV, v \u010detrtek, 27.05.2021, ob 18. uri na parkirnem prostoru za Domom Svobode na Senovem.<\/p>\n<p>PREDLAGAN DNEVNI RED:<\/p>\n<ol>\n<li>Otvoritev in pozdrav.<\/li>\n<li>Potrditev dnevnega reda.<\/li>\n<li>Izvolitev organov zbora \u010dlanov:<br \/>\na) delovno predsedstvo,<br \/>\nb) verifikacijska komisija,<br \/>\nc) zapisnikar,<br \/>\nd) overitelja zapisnika,<br \/>\ne) volilna komisija.<\/li>\n<li>Poro\u010dilo verifikacijske komisije.<\/li>\n<li>Letno poro\u010dilo za leto 2020.<\/li>\n<li>Poro\u010dilo Nadzornega odbora za leto 2020.<\/li>\n<li>Poro\u010dilo \u010dastnega razsodi\u0161\u010da.<\/li>\n<li>Razprava po poro\u010dilih in sprejem\u00a0 letnega poro\u010dila za leto 2020.<\/li>\n<li>Razre\u0161nica dosedanjemu vodstvu in organom dru\u0161tva,<\/li>\n<li>Volitve v organe dru\u0161tva za mandatno obdobje 2020 \u2013 2025.<\/li>\n<li>Program dela dru\u0161tva in sekcij v letu 2021, razprava in sprejem.<\/li>\n<li>Finan\u010dni na\u010drt dru\u0161tva v letu 2021, razprava in sprejem.<\/li>\n<li>Beseda gostov.<\/li>\n<li>Predlogi in pobude.<\/li>\n<li>Razno.<\/li>\n<\/ol>\n<p>Vabimo Vas, da se nam pridru\u017eite!<\/p>\n<p><a href=\"https:\/\/www.svoboda-senovo.si\/wp-content\/uploads\/2021\/05\/DKD-VOLILNI-ZBOR-\u010cLANOV-2021.pdf\">DKD- VOLILNI ZBOR \u010cLANOV 2021<\/a><\/p>\n","protected":false},"excerpt":{"rendered":"<p>Delavsko kulturno dru\u0161tvo \u00bbSvoboda\u00ab Senovo vabi redne in podporne \u010dlane na REDNI LETNI in VOLILNI ZBOR \u010cLANOV, v \u010detrtek, 27.05.2021, ob 18. uri na parkirnem prostoru za Domom Svobode na Senovem. PREDLAGAN DNEVNI RED:&#46;&#46;&#46;<\/p>\n","protected":false},"author":1,"featured_media":785,"comment_status":"closed","ping_status":"closed","sticky":false,"template":"","format":"standard","meta":{"spay_email":"","jetpack_publicize_message":"","jetpack_is_tweetstorm":false,"jetpack_publicize_feature_enabled":true},"categories":[3],"tags":[],"jetpack_featured_media_url":"https:\/\/i1.wp.com\/www.svoboda-senovo.si\/wp-content\/uploads\/2018\/02\/cropped-dkd_logo.png?fit=512%2C512&ssl=1","jetpack_publicize_connections":[],"jetpack_sharing_enabled":true,"jetpack_shortlink":"https:\/\/wp.me\/p8fvCk-hc","jetpack-related-posts":[{"id":1045,"url":"https:\/\/www.svoboda-senovo.si\/index.php\/2020\/03\/12\/vabilo-na-redni-letni-zbor-clanov\/","url_meta":{"origin":1066,"position":0},"title":"Vabilo na redni letni in volilni zbor \u010dlanov","date":"12. 3. 2020","format":false,"excerpt":"Delavsko kulturno dru\u0161tvo \u00bbSvoboda\u00ab Senovo vabi redne in podporne \u010dlane na REDNI LETNI in VOLILNI ZBOR \u010cLANOV, ki bo v SOBOTO, 21. 3. 2020, ob 18. uri v avli Doma XIV. divizije na Senovem. PREDLAGAN DNEVNI RED: 1. Otvoritev in pozdrav. 2. Potrditev dnevnega reda. 3. Izvolitev organov zbora \u010dlanov:\u2026","rel":"","context":"In &quot;DRU\u0160TVO&quot;","img":{"alt_text":"","src":"https:\/\/i1.wp.com\/www.svoboda-senovo.si\/wp-content\/uploads\/2018\/02\/cropped-dkd_logo.png?fit=512%2C512&ssl=1&resize=350%2C200","width":350,"height":200},"classes":[]},{"id":1307,"url":"https:\/\/www.svoboda-senovo.si\/index.php\/2026\/03\/22\/vabilo-na-redni-letni-zbor-clanov-dkd-svoboda-senovo\/","url_meta":{"origin":1066,"position":1},"title":"Vabilo na redni letni zbor \u010dlanov DKD Svoboda Senovo","date":"22. 3. 2026","format":false,"excerpt":"DKD Svoboda Senovo vabi redne in podporne \u010dlane na\u00a0REDNI LETNI in VOLILNI ZBOR \u010cLANOV,\u00a0ki bo v\u00a0 SREDO, 25. 3. 2026, ob 18. uri v Domu Svobode na Senovem, Titova cesta 97. PREDLAGAN\u00a0 DNEVNI\u00a0 RED: Otvoritev in pozdrav. Potrditev dnevnega reda. Izvolitev organov zbora \u010dlanov: a) delovno predsedstvo, b) verifikacijska komisija,\u2026","rel":"","context":"In &quot;DRU\u0160TVO&quot;","img":{"alt_text":"","src":"","width":0,"height":0},"classes":[]},{"id":1117,"url":"https:\/\/www.svoboda-senovo.si\/index.php\/2022\/03\/31\/vabilo-na-redni-letni-zbor-clanov-2022\/","url_meta":{"origin":1066,"position":2},"title":"Vabilo na redni letni zbor \u010dlanov","date":"31. 3. 2022","format":false,"excerpt":"Delavsko kulturno dru\u0161tvo Svoboda Senovo vabi redne in podporne \u010dlane na redni letni Zbor \u010dlanov, ki bo v \u010detrtek, 7. 4. 2022, ob 18. uri v Domu Svobode, Titova cesta 97, Senovo. PREDLAGAN\u00a0 DNEVNI\u00a0 RED: Otvoritev in pozdrav. Potrditev dnevnega reda. Izvolitev organov zbora \u010dlanov: a) delovno predsedstvo, b) verifikacijska\u2026","rel":"","context":"In &quot;DRU\u0160TVO&quot;","img":{"alt_text":"","src":"https:\/\/i0.wp.com\/www.svoboda-senovo.si\/wp-content\/uploads\/2016\/03\/cropped-dkd_logo.png?fit=512%2C512&ssl=1&resize=350%2C200","width":350,"height":200},"classes":[]},{"id":1177,"url":"https:\/\/www.svoboda-senovo.si\/index.php\/2023\/03\/05\/vabilo-na-redni-letni-zbor-clanov-2\/","url_meta":{"origin":1066,"position":3},"title":"Vabilo na redni letni zbor \u010dlanov","date":"5. 3. 2023","format":false,"excerpt":"Delavsko kulturno dru\u0161tvo Svoboda Senovo vabi redne in podporne \u010dlane na redni letni Zbor \u010dlanov, ki bo v \u010detrtek, 9. 3. 2023, ob 18. uri v Domu Svobode, Titova cesta 97, Senovo. PREDLAGAN DNEVNI RED: 1. Otvoritev in pozdrav. 2. Potrditev dnevnega reda. 3. Izvolitev organov zbora \u010dlanov: a) delovno\u2026","rel":"","context":"In &quot;DRU\u0160TVO&quot;","img":{"alt_text":"","src":"https:\/\/i1.wp.com\/www.svoboda-senovo.si\/wp-content\/uploads\/2018\/02\/cropped-dkd_logo.png?fit=512%2C512&ssl=1&resize=350%2C200","width":350,"height":200},"classes":[]},{"id":1193,"url":"https:\/\/www.svoboda-senovo.si\/index.php\/2024\/02\/15\/vabilo-na-redni-letni-zbor-clanov-3\/","url_meta":{"origin":1066,"position":4},"title":"Vabilo na redni letni zbor \u010dlanov","date":"15. 2. 2024","format":false,"excerpt":"Delavsko kulturno dru\u0161tvo \"Svoboda\" Senovo vabi redne in podporne \u010dlane na\u00a0REDNI LETNI ZBOR \u010cLANOV,\u00a0ki bo v \u010detrtek, 22. 2. 2024, ob 18. uri, v Domu Svobode, Titova cesta 97, Senovo. PREDLAGAN DNEVNI RED: 1. Otvoritev in pozdrav. 2. Potrditev dnevnega reda. 3. Izvolitev organov zbora \u010dlanov: a) delovno predsedstvo b)\u2026","rel":"","context":"In &quot;DRU\u0160TVO&quot;","img":{"alt_text":"","src":"https:\/\/i0.wp.com\/www.svoboda-senovo.si\/wp-content\/uploads\/2016\/03\/cropped-dkd_logo.png?fit=512%2C512&ssl=1&resize=350%2C200","width":350,"height":200},"classes":[]},{"id":244,"url":"https:\/\/www.svoboda-senovo.si\/index.php\/2017\/03\/15\/redni-letni-clanov\/","url_meta":{"origin":1066,"position":5},"title":"Redni letni \u010dlanov","date":"15. 3. 2017","format":false,"excerpt":"Delavsko kulturno dru\u0161tvo Svoboda Senovo vabi redne in podpodporne \u010dlane na REDNI LETNI ZBOR \u010cLANOV, ki bo v soboto, 18.3.2017, ob 17. uri v avli Doma XIV. divizije na Senovem. Predlagan dnevni red: 1. Otvoritev in pozdrav. 2. Potrditev dnevnega reda. 3. Izvolitev organov zbora \u010dlanov: a) delovno predsedstvo, b)\u2026","rel":"","context":"In &quot;DRU\u0160TVO&quot;","img":{"alt_text":"","src":"","width":0,"height":0},"classes":[]}],"_links":{"self":[{"href":"https:\/\/www.svoboda-senovo.si\/index.php\/wp-json\/wp\/v2\/posts\/1066"}],"collection":[{"href":"https:\/\/www.svoboda-senovo.si\/index.php\/wp-json\/wp\/v2\/posts"}],"about":[{"href":"https:\/\/www.svoboda-senovo.si\/index.php\/wp-json\/wp\/v2\/types\/post"}],"author":[{"embeddable":true,"href":"https:\/\/www.svoboda-senovo.si\/index.php\/wp-json\/wp\/v2\/users\/1"}],"replies":[{"embeddable":true,"href":"https:\/\/www.svoboda-senovo.si\/index.php\/wp-json\/wp\/v2\/comments?post=1066"}],"version-history":[{"count":3,"href":"https:\/\/www.svoboda-senovo.si\/index.php\/wp-json\/wp\/v2\/posts\/1066\/revisions"}],"predecessor-version":[{"id":1069,"href":"https:\/\/www.svoboda-senovo.si\/index.php\/wp-json\/wp\/v2\/posts\/1066\/revisions\/1069"}],"wp:featuredmedia":[{"embeddable":true,"href":"https:\/\/www.svoboda-senovo.si\/index.php\/wp-json\/wp\/v2\/media\/785"}],"wp:attachment":[{"href":"https:\/\/www.svoboda-senovo.si\/index.php\/wp-json\/wp\/v2\/media?parent=1066"}],"wp:term":[{"taxonomy":"category","embeddable":true,"href":"https:\/\/www.svoboda-senovo.si\/index.php\/wp-json\/wp\/v2\/categories?post=1066"},{"taxonomy":"post_tag","embeddable":true,"href":"https:\/\/www.svoboda-senovo.si\/index.php\/wp-json\/wp\/v2\/tags?post=1066"}],"curies":[{"name":"wp","href":"https:\/\/api.w.org\/{rel}","templated":true}]}}