{"id":1033,"date":"2020-02-11T12:50:56","date_gmt":"2020-02-11T11:50:56","guid":{"rendered":"https:\/\/www.svoboda-senovo.si\/?p=1033"},"modified":"2020-02-11T12:50:56","modified_gmt":"2020-02-11T11:50:56","slug":"presernovi-nagrajenci-dkd-svoboda-senovo","status":"publish","type":"post","link":"https:\/\/www.svoboda-senovo.si\/index.php\/2020\/02\/11\/presernovi-nagrajenci-dkd-svoboda-senovo\/","title":{"rendered":"Pre\u0161ernovi nagrajenci DKD Svoboda Senovo"},"content":{"rendered":"<p>Ob slovenskem kulturnem prazniku je Zveza kulturnih dru\u0161tev Kr\u0161ko podelila Pre\u0161ernove plakete in priznanja za predano delo in izredne uspehe na podro\u010dju ljubiteljske kulture na osrednji ob\u010dinski proslavi 7.2.2020 v Kulturnem domu Kr\u0161ko.<\/p>\n<p>Med prejemniki so bili tudi tokrat na\u0161i \u010dlani, med prejemniki so bili:<\/p>\n<ul>\n<li>Tanja Tu\u0161ek Sotel\u0161ek &#8211; Bronasta plaketa<\/li>\n<li>Zvonko Marini\u010d &#8211; Bronasta plaketa<\/li>\n<li>Bo\u017ea Ojster\u0161ek &#8211; Zlata plaketa<\/li>\n<\/ul>\n<p>\u0160e posebej smo ponosni na re\u017eiserko Gledali\u0161ke skupine DKD Svoboda Senovo Bo\u017eo Ojster\u0161ek, eno izmed najzaslu\u017enej\u0161ih oseb za uspeh in \u0161iroko prepoznavnost senovskega gledali\u0161\u010da, ki je za dolgoletno uspe\u0161no delo prejela eno izmed najvi\u0161jih priznanj na podro\u010dju ljubiteljske kulture, zlato Pre\u0161ernovo plaketo.<\/p>\n<p>Vsem nagrajencem \u010destitamo!<\/p>\n<p class=\"jetpack-slideshow-noscript robots-nocontent\">This slideshow requires JavaScript.<\/p><div id=\"gallery-1033-1-slideshow\" class=\"slideshow-window jetpack-slideshow slideshow-black\" data-trans=\"fade\" data-autostart=\"1\" data-gallery=\"[{&quot;src&quot;:&quot;https:\\\/\\\/i1.wp.com\\\/www.svoboda-senovo.si\\\/wp-content\\\/uploads\\\/2020\\\/02\\\/IMG_20200207_194013.png?fit=900%2C1200\\u0026ssl=1&quot;,&quot;id&quot;:&quot;1035&quot;,&quot;title&quot;:&quot;IMG_20200207_194013&quot;,&quot;alt&quot;:&quot;&quot;,&quot;caption&quot;:&quot;&quot;,&quot;itemprop&quot;:&quot;image&quot;},{&quot;src&quot;:&quot;https:\\\/\\\/i0.wp.com\\\/www.svoboda-senovo.si\\\/wp-content\\\/uploads\\\/2020\\\/02\\\/IMG_20200207_194042.png?fit=900%2C1200\\u0026ssl=1&quot;,&quot;id&quot;:&quot;1036&quot;,&quot;title&quot;:&quot;IMG_20200207_194042&quot;,&quot;alt&quot;:&quot;&quot;,&quot;caption&quot;:&quot;&quot;,&quot;itemprop&quot;:&quot;image&quot;},{&quot;src&quot;:&quot;https:\\\/\\\/i1.wp.com\\\/www.svoboda-senovo.si\\\/wp-content\\\/uploads\\\/2020\\\/02\\\/IMG_20200207_193841.png?fit=900%2C1200\\u0026ssl=1&quot;,&quot;id&quot;:&quot;1034&quot;,&quot;title&quot;:&quot;IMG_20200207_193841&quot;,&quot;alt&quot;:&quot;&quot;,&quot;caption&quot;:&quot;&quot;,&quot;itemprop&quot;:&quot;image&quot;}]\" itemscope itemtype=\"https:\/\/schema.org\/ImageGallery\"><\/div>\n","protected":false},"excerpt":{"rendered":"<p>Ob slovenskem kulturnem prazniku je Zveza kulturnih dru\u0161tev Kr\u0161ko podelila Pre\u0161ernove plakete in priznanja za predano delo in izredne uspehe na podro\u010dju ljubiteljske kulture na osrednji ob\u010dinski proslavi 7.2.2020 v Kulturnem domu Kr\u0161ko. Med&#46;&#46;&#46;<\/p>\n","protected":false},"author":1,"featured_media":1039,"comment_status":"closed","ping_status":"closed","sticky":false,"template":"","format":"standard","meta":{"spay_email":"","jetpack_publicize_message":"","jetpack_is_tweetstorm":false,"jetpack_publicize_feature_enabled":true},"categories":[3],"tags":[],"jetpack_featured_media_url":"https:\/\/i2.wp.com\/www.svoboda-senovo.si\/wp-content\/uploads\/2020\/02\/France-Pre\u0161eren2.jpg?fit=400%2C400&ssl=1","jetpack_publicize_connections":[],"jetpack_sharing_enabled":true,"jetpack_shortlink":"https:\/\/wp.me\/p8fvCk-gF","jetpack-related-posts":[{"id":29,"url":"https:\/\/www.svoboda-senovo.si\/index.php\/2016\/03\/15\/visoka-priznanja-za-nase-clane\/","url_meta":{"origin":1033,"position":0},"title":"VISOKA PRIZNANJA ZA NA\u0160E \u010cLANE","date":"15. 3. 2016","format":false,"excerpt":"1.\u00a0 \u00a0Priznanje z znakom KS Senovo je prejela gospa Tatjana Udu\u010d Tatjana Udu\u010d bo letos praznovala 30 letnico delovanja v Folklorni skupini DKD Svoboda Senovo. Njena predanost ohranjanju ljudskega izro\u010dila jo je od plesalke privedla do prou\u010devalke ljudskih plesov ter avtorice dveh spletov, ki jih izvaja doma\u010da folklorna skupina. Svoje\u2026","rel":"","context":"In &quot;DRU\u0160TVO&quot;","img":{"alt_text":"","src":"https:\/\/i1.wp.com\/www.svoboda-senovo.si\/wp-content\/uploads\/2016\/03\/Priznanja-1.jpg?fit=1200%2C502&ssl=1&resize=350%2C200","width":350,"height":200},"classes":[]},{"id":1300,"url":"https:\/\/www.svoboda-senovo.si\/index.php\/2025\/12\/15\/vabilo-na-bozicno-novoletni-koncert-pihalnega-orkestra-dkd-svoboda-senovo\/","url_meta":{"origin":1033,"position":1},"title":"Vabilo na Bo\u017ei\u010dno-novoletni koncert Pihalnega orkestra DKD Svoboda Senovo","date":"15. 12. 2025","format":false,"excerpt":"Prazni\u010dni \u010das bo tudi letos obarvan glasbeno. Z najve\u010djim veseljem vas vabimo na tradicionalni bo\u017ei\u010dno-novoletni koncert Pihalnega orkestra DKD Svoboda Senovo, ki bo v \u010detrtek, 25. decembra 2025, ob 18. uri v dvorani Doma XIV. divizije Senovo. Pod taktirko dirigenta Lovra A\u0161i\u010da bo orkester pripravil raznolik in prazni\u010dno obarvan program.\u2026","rel":"","context":"In &quot;PIHALNI ORKESTER&quot;","img":{"alt_text":"","src":"https:\/\/i2.wp.com\/www.svoboda-senovo.si\/wp-content\/uploads\/2025\/12\/2025_novoletni-koncert_plakat.jpg?fit=850%2C1200&ssl=1&resize=350%2C200","width":350,"height":200},"classes":[]},{"id":1107,"url":"https:\/\/www.svoboda-senovo.si\/index.php\/2021\/05\/28\/obcni-zbor-dkd-svoboda-senovo-2021\/","url_meta":{"origin":1033,"position":2},"title":"Ob\u010dni zbor DKD Svoboda Senovo 2021","date":"28. 5. 2021","format":false,"excerpt":"Delavsko kulturno dru\u0161tvo Svoboda Senovo je na zadnji majski \u010detrtek izvedlo redni letni ob\u010dni zbor. \u010clani so se zbrali na parkiri\u0161\u010du za Domom svobode na Senovem. Poleg rednih to\u010dk so bile tokrat na dnevnem redu tudi volitve v organe dru\u0161tva. Predsedni\u0161ki mandat so drugi\u010d zapored zaupali Jo\u017eetu \u0160olnu, na podpredsedni\u0161kem\u2026","rel":"","context":"In &quot;DRU\u0160TVO&quot;","img":{"alt_text":"","src":"","width":0,"height":0},"classes":[]},{"id":880,"url":"https:\/\/www.svoboda-senovo.si\/index.php\/2019\/03\/09\/vabilo-na-zbor-clanov-dkd-svoboda-senovo-2\/","url_meta":{"origin":1033,"position":3},"title":"Vabilo na zbor \u010dlanov DKD Svoboda Senovo","date":"9. 3. 2019","format":false,"excerpt":"V\u00a0ponedeljek, 11.3.2019, vse \u010dlane dru\u0161tva in zainteresirano javnost ob 18. uri vabimo na letni zbor \u010dlanov DKD Svoboda Senovo, ki bo potekal v avli Doma XIV. divizije Senovo. PREDLAGAN DNEVNI RED: Otvoritev in pozdrav. Potrditev dnevnega reda. Izvolitev organov zbora \u010dlanov: a) delovno predsedstvo, b) verifikacijska komisija, c) zapisnikar, d)\u2026","rel":"","context":"In &quot;DRU\u0160TVO&quot;","img":{"alt_text":"","src":"","width":0,"height":0},"classes":[]},{"id":268,"url":"https:\/\/www.svoboda-senovo.si\/index.php\/2017\/05\/10\/amerikanski-dolarji-prihajajo-v-krsko\/","url_meta":{"origin":1033,"position":4},"title":"Amerikanski dolarji prihajajo v Kr\u0161ko!","date":"10. 5. 2017","format":false,"excerpt":"Dramska sekcija DKD Svoboda Senovo vas v petek, 19. maja, ob 19. uri vabi na zabavno kme\u010dko igro Amerikanski dolarji, ki jo bodo uprizorili na odru Kulturnega doma Kr\u0161ko. Gre za komedijo Senov\u010dana Avgusta Fabjan\u010di\u010da, s katero so \u017ee navdu\u0161ili ob\u010dinstvo na Senovem, odli\u010dna igralska izvedba ter re\u017eija pa sta\u2026","rel":"","context":"In &quot;GLEDALI\u0160KA SEKCIJA&quot;","img":{"alt_text":"","src":"https:\/\/i0.wp.com\/www.svoboda-senovo.si\/wp-content\/uploads\/2017\/05\/Amerikanski-dolarji-KD-Kr\u0161ko-letak-e1494431009911.jpg?fit=871%2C387&ssl=1&resize=350%2C200","width":350,"height":200},"classes":[]},{"id":787,"url":"https:\/\/www.svoboda-senovo.si\/index.php\/2018\/02\/20\/presernove-plakete-za-nase-clane\/","url_meta":{"origin":1033,"position":5},"title":"Pre\u0161ernove plakete za na\u0161e \u010dlane","date":"20. 2. 2018","format":false,"excerpt":"Na osrednji ob\u010dinski proslavi ob slovenskem kulturnem dnevu so bili med nagrajenci tudi na\u0161i \u010dlani. Bronasto Pre\u0161ernovo plaketo so prejeli Marjanca Mlakar, Bo\u0161tjan Medve\u0161ek in Bojan Vov\u010dko, srebrno plaketo je prejela Ivana Hodulak, zlato pa Anton Petrovi\u010d.","rel":"","context":"In &quot;FOLKLORNA SEKCIJA&quot;","img":{"alt_text":"","src":"https:\/\/i0.wp.com\/www.svoboda-senovo.si\/wp-content\/uploads\/2018\/02\/za-splet.jpg?fit=1024%2C719&ssl=1&resize=350%2C200","width":350,"height":200},"classes":[]}],"_links":{"self":[{"href":"https:\/\/www.svoboda-senovo.si\/index.php\/wp-json\/wp\/v2\/posts\/1033"}],"collection":[{"href":"https:\/\/www.svoboda-senovo.si\/index.php\/wp-json\/wp\/v2\/posts"}],"about":[{"href":"https:\/\/www.svoboda-senovo.si\/index.php\/wp-json\/wp\/v2\/types\/post"}],"author":[{"embeddable":true,"href":"https:\/\/www.svoboda-senovo.si\/index.php\/wp-json\/wp\/v2\/users\/1"}],"replies":[{"embeddable":true,"href":"https:\/\/www.svoboda-senovo.si\/index.php\/wp-json\/wp\/v2\/comments?post=1033"}],"version-history":[{"count":2,"href":"https:\/\/www.svoboda-senovo.si\/index.php\/wp-json\/wp\/v2\/posts\/1033\/revisions"}],"predecessor-version":[{"id":1038,"href":"https:\/\/www.svoboda-senovo.si\/index.php\/wp-json\/wp\/v2\/posts\/1033\/revisions\/1038"}],"wp:featuredmedia":[{"embeddable":true,"href":"https:\/\/www.svoboda-senovo.si\/index.php\/wp-json\/wp\/v2\/media\/1039"}],"wp:attachment":[{"href":"https:\/\/www.svoboda-senovo.si\/index.php\/wp-json\/wp\/v2\/media?parent=1033"}],"wp:term":[{"taxonomy":"category","embeddable":true,"href":"https:\/\/www.svoboda-senovo.si\/index.php\/wp-json\/wp\/v2\/categories?post=1033"},{"taxonomy":"post_tag","embeddable":true,"href":"https:\/\/www.svoboda-senovo.si\/index.php\/wp-json\/wp\/v2\/tags?post=1033"}],"curies":[{"name":"wp","href":"https:\/\/api.w.org\/{rel}","templated":true}]}}