{"id":1005,"date":"2019-12-02T10:07:12","date_gmt":"2019-12-02T09:07:12","guid":{"rendered":"https:\/\/www.svoboda-senovo.si\/?p=1005"},"modified":"2019-12-02T10:07:12","modified_gmt":"2019-12-02T09:07:12","slug":"vabilo-na-letni-koncert-folklorne-skupine","status":"publish","type":"post","link":"https:\/\/www.svoboda-senovo.si\/index.php\/2019\/12\/02\/vabilo-na-letni-koncert-folklorne-skupine\/","title":{"rendered":"Vabilo na letni koncert Folklorne skupine"},"content":{"rendered":"<p style=\"font-weight: 400;\">Folklorna skupina DKD Svoboda Senovo vabi na letni koncert z gosti, ki bo na Senovem to soboto 7.12.2019 ob 18. uri.<\/p>\n<p>Prisr\u010dno vabljeni.<\/p>\n<p><a href=\"https:\/\/i0.wp.com\/www.svoboda-senovo.si\/wp-content\/uploads\/2019\/12\/Letni-koncert-FS-DKD-Svoboda-Senovo-resized.jpg?ssl=1\" data-rel=\"lightbox-image-0\" data-rl_title=\"\" data-rl_caption=\"\" title=\"\"><img data-attachment-id=\"1006\" data-permalink=\"https:\/\/www.svoboda-senovo.si\/index.php\/2019\/12\/02\/vabilo-na-letni-koncert-folklorne-skupine\/letni-koncert-fs-dkd-svoboda-senovo-resized\/\" data-orig-file=\"https:\/\/i0.wp.com\/www.svoboda-senovo.si\/wp-content\/uploads\/2019\/12\/Letni-koncert-FS-DKD-Svoboda-Senovo-resized.jpg?fit=936%2C2000&amp;ssl=1\" data-orig-size=\"936,2000\" data-comments-opened=\"0\" data-image-meta=\"{&quot;aperture&quot;:&quot;0&quot;,&quot;credit&quot;:&quot;&quot;,&quot;camera&quot;:&quot;&quot;,&quot;caption&quot;:&quot;&quot;,&quot;created_timestamp&quot;:&quot;0&quot;,&quot;copyright&quot;:&quot;&quot;,&quot;focal_length&quot;:&quot;0&quot;,&quot;iso&quot;:&quot;0&quot;,&quot;shutter_speed&quot;:&quot;0&quot;,&quot;title&quot;:&quot;&quot;,&quot;orientation&quot;:&quot;0&quot;}\" data-image-title=\"Letni koncert FS DKD Svoboda Senovo-resized\" data-image-description=\"\" data-image-caption=\"\" data-medium-file=\"https:\/\/i0.wp.com\/www.svoboda-senovo.si\/wp-content\/uploads\/2019\/12\/Letni-koncert-FS-DKD-Svoboda-Senovo-resized.jpg?fit=140%2C300&amp;ssl=1\" data-large-file=\"https:\/\/i0.wp.com\/www.svoboda-senovo.si\/wp-content\/uploads\/2019\/12\/Letni-koncert-FS-DKD-Svoboda-Senovo-resized.jpg?fit=479%2C1024&amp;ssl=1\" loading=\"lazy\" class=\"alignleft size-medium wp-image-1006\" src=\"https:\/\/i0.wp.com\/www.svoboda-senovo.si\/wp-content\/uploads\/2019\/12\/Letni-koncert-FS-DKD-Svoboda-Senovo-resized.jpg?resize=140%2C300&#038;ssl=1\" alt=\"\" width=\"140\" height=\"300\" srcset=\"https:\/\/i0.wp.com\/www.svoboda-senovo.si\/wp-content\/uploads\/2019\/12\/Letni-koncert-FS-DKD-Svoboda-Senovo-resized.jpg?resize=140%2C300&amp;ssl=1 140w, https:\/\/i0.wp.com\/www.svoboda-senovo.si\/wp-content\/uploads\/2019\/12\/Letni-koncert-FS-DKD-Svoboda-Senovo-resized.jpg?resize=479%2C1024&amp;ssl=1 479w, https:\/\/i0.wp.com\/www.svoboda-senovo.si\/wp-content\/uploads\/2019\/12\/Letni-koncert-FS-DKD-Svoboda-Senovo-resized.jpg?resize=768%2C1641&amp;ssl=1 768w, https:\/\/i0.wp.com\/www.svoboda-senovo.si\/wp-content\/uploads\/2019\/12\/Letni-koncert-FS-DKD-Svoboda-Senovo-resized.jpg?resize=719%2C1536&amp;ssl=1 719w, https:\/\/i0.wp.com\/www.svoboda-senovo.si\/wp-content\/uploads\/2019\/12\/Letni-koncert-FS-DKD-Svoboda-Senovo-resized.jpg?w=936&amp;ssl=1 936w\" sizes=\"(max-width: 140px) 100vw, 140px\" data-recalc-dims=\"1\" \/><\/a><\/p>\n","protected":false},"excerpt":{"rendered":"<p>Folklorna skupina DKD Svoboda Senovo vabi na letni koncert z gosti, ki bo na Senovem to soboto 7.12.2019 ob 18. uri. Prisr\u010dno vabljeni.<\/p>\n","protected":false},"author":1,"featured_media":1006,"comment_status":"closed","ping_status":"closed","sticky":false,"template":"","format":"standard","meta":{"spay_email":"","jetpack_publicize_message":"","jetpack_is_tweetstorm":false,"jetpack_publicize_feature_enabled":true},"categories":[4],"tags":[],"jetpack_featured_media_url":"https:\/\/i0.wp.com\/www.svoboda-senovo.si\/wp-content\/uploads\/2019\/12\/Letni-koncert-FS-DKD-Svoboda-Senovo-resized.jpg?fit=936%2C2000&ssl=1","jetpack_publicize_connections":[],"jetpack_sharing_enabled":true,"jetpack_shortlink":"https:\/\/wp.me\/p8fvCk-gd","jetpack-related-posts":[{"id":1293,"url":"https:\/\/www.svoboda-senovo.si\/index.php\/2025\/12\/03\/folklorna-skupina-vabi-na-letni-koncert-po-zelenoj-trati\/","url_meta":{"origin":1005,"position":0},"title":"Folklorna skupina vabi na letni koncert Po zelenoj trati","date":"3. 12. 2025","format":false,"excerpt":"Folklorna skupina DKD Svoboda Senovo vabi na letni koncert Po zelenoj trati, ki bo v soboto, 6. 12. 2025, ob 18. uri v Domu XIV. divizije Senovo. Na koncertu sodelujejo Otro\u0161ka FS DKD Svoboda Senovo, FS KUD Beltinci, Ljudski pevci Bistrica ob Solti in FD Markovci. Vstopnine ni, za\u017eeleni pa\u2026","rel":"","context":"In &quot;FOLKLORNA SEKCIJA&quot;","img":{"alt_text":"","src":"https:\/\/i2.wp.com\/www.svoboda-senovo.si\/wp-content\/uploads\/2025\/12\/plakat-Letni-koncert-FS-2025-2.png?fit=849%2C1200&ssl=1&resize=350%2C200","width":350,"height":200},"classes":[]},{"id":316,"url":"https:\/\/www.svoboda-senovo.si\/index.php\/2017\/12\/07\/jubilejni-letni-koncert-folklorne-skupine\/","url_meta":{"origin":1005,"position":1},"title":"Jubilejni letni koncert folklorne skupine","date":"7. 12. 2017","format":false,"excerpt":"V soboto, 9.12.2017, folklorna skupina DKD Svoboda Senovo ob 18. uri vabi na jubilejni koncert ob 35. obletnici. Na koncertu se jim bodo pridru\u017eili nekdanji \u010dlani ter gostujo\u010di folklorni skupini Pu\u0161lc iz Me\u017eice ter Torbarji iz Postojne. Lepo vabljeni! Rezervacije sede\u017eev so mo\u017ene na 051 632 689 (Bojan).","rel":"","context":"In &quot;FOLKLORNA SEKCIJA&quot;","img":{"alt_text":"","src":"https:\/\/i0.wp.com\/www.svoboda-senovo.si\/wp-content\/uploads\/2017\/12\/23916578_303845173467622_3624952516801541675_o.jpg?fit=1200%2C475&ssl=1&resize=350%2C200","width":350,"height":200},"classes":[]},{"id":35,"url":"https:\/\/www.svoboda-senovo.si\/index.php\/2016\/03\/15\/sodelovali-smo-na-proslavi-ob-slovenskem-kulturnem-prazniku-in-prazniku-ks-senovo\/","url_meta":{"origin":1005,"position":2},"title":"SODELOVALI SMO NA PROSLAVI OB SLOVENSKEM KULTURNEM PRAZNIKU IN PRAZNIKU KS SENOVO","date":"15. 3. 2016","format":"gallery","excerpt":"","rel":"","context":"In &quot;FOLKLORNA SEKCIJA&quot;","img":{"alt_text":"","src":"https:\/\/i0.wp.com\/www.svoboda-senovo.si\/wp-content\/uploads\/2016\/03\/COB_3626.jpg?fit=1200%2C800&ssl=1&resize=350%2C200","width":350,"height":200},"classes":[]},{"id":787,"url":"https:\/\/www.svoboda-senovo.si\/index.php\/2018\/02\/20\/presernove-plakete-za-nase-clane\/","url_meta":{"origin":1005,"position":3},"title":"Pre\u0161ernove plakete za na\u0161e \u010dlane","date":"20. 2. 2018","format":false,"excerpt":"Na osrednji ob\u010dinski proslavi ob slovenskem kulturnem dnevu so bili med nagrajenci tudi na\u0161i \u010dlani. Bronasto Pre\u0161ernovo plaketo so prejeli Marjanca Mlakar, Bo\u0161tjan Medve\u0161ek in Bojan Vov\u010dko, srebrno plaketo je prejela Ivana Hodulak, zlato pa Anton Petrovi\u010d.","rel":"","context":"In &quot;FOLKLORNA SEKCIJA&quot;","img":{"alt_text":"","src":"https:\/\/i0.wp.com\/www.svoboda-senovo.si\/wp-content\/uploads\/2018\/02\/za-splet.jpg?fit=1024%2C719&ssl=1&resize=350%2C200","width":350,"height":200},"classes":[]},{"id":1240,"url":"https:\/\/www.svoboda-senovo.si\/index.php\/2025\/05\/20\/dan-slovenske-rudarske-tradicije-v-rudah\/","url_meta":{"origin":1005,"position":4},"title":"Dan slovenske rudarske tradicije v Rudah","date":"20. 5. 2025","format":false,"excerpt":"V nedeljo, 25. 5. 2025, vas vabimo v Rude, kjer bomo skupaj s Turisti\u010dnim dru\u0161tvom Senovo in Folklorno skupino Duplo Pi\u0161ece, pripravili Dan slovenske rudarske tradicije. Urnik dogajanja je naveden na plakatu. Lepo vabljeni, da se v nedeljo odpravite na izlet preko meje in nas med 11. in 17. uro\u2026","rel":"","context":"In &quot;FOLKLORNA SEKCIJA&quot;","img":{"alt_text":"","src":"https:\/\/i0.wp.com\/www.svoboda-senovo.si\/wp-content\/uploads\/2025\/11\/Vabilo-Biseri-pod-zemljo-Rude-25.5.2025.jpg?fit=1080%2C776&ssl=1&resize=350%2C200","width":350,"height":200},"classes":[]},{"id":1198,"url":"https:\/\/www.svoboda-senovo.si\/index.php\/2024\/07\/03\/1-mednarodni-folklorni-festival-rudarska-luc\/","url_meta":{"origin":1005,"position":5},"title":"1. mednarodni folklorni festival Rudarska lu\u010d","date":"3. 7. 2024","format":false,"excerpt":"Lepo vabljeni na mednarodno obarvan folklorni festivalski ve\u010der Rudarska lu\u010d, kjer se bodo predstavile folklorne skupine iz kar petih dr\u017eav, in sicer Slovenije, Hrva\u0161ke, Severne Makedonije, \u0160panije in Nem\u010dije. Prav gotovo boste u\u017eivali v programu. Folklorni festival organiziramo skupaj s KUD O\u0161trc iz Rud na Hrva\u0161kem (prav tako krajem z\u2026","rel":"","context":"In &quot;FOLKLORNA SEKCIJA&quot;","img":{"alt_text":"","src":"https:\/\/i0.wp.com\/www.svoboda-senovo.si\/wp-content\/uploads\/2024\/07\/Rudarska-luc-2024.jpg?fit=858%2C1200&ssl=1&resize=350%2C200","width":350,"height":200},"classes":[]}],"_links":{"self":[{"href":"https:\/\/www.svoboda-senovo.si\/index.php\/wp-json\/wp\/v2\/posts\/1005"}],"collection":[{"href":"https:\/\/www.svoboda-senovo.si\/index.php\/wp-json\/wp\/v2\/posts"}],"about":[{"href":"https:\/\/www.svoboda-senovo.si\/index.php\/wp-json\/wp\/v2\/types\/post"}],"author":[{"embeddable":true,"href":"https:\/\/www.svoboda-senovo.si\/index.php\/wp-json\/wp\/v2\/users\/1"}],"replies":[{"embeddable":true,"href":"https:\/\/www.svoboda-senovo.si\/index.php\/wp-json\/wp\/v2\/comments?post=1005"}],"version-history":[{"count":1,"href":"https:\/\/www.svoboda-senovo.si\/index.php\/wp-json\/wp\/v2\/posts\/1005\/revisions"}],"predecessor-version":[{"id":1007,"href":"https:\/\/www.svoboda-senovo.si\/index.php\/wp-json\/wp\/v2\/posts\/1005\/revisions\/1007"}],"wp:featuredmedia":[{"embeddable":true,"href":"https:\/\/www.svoboda-senovo.si\/index.php\/wp-json\/wp\/v2\/media\/1006"}],"wp:attachment":[{"href":"https:\/\/www.svoboda-senovo.si\/index.php\/wp-json\/wp\/v2\/media?parent=1005"}],"wp:term":[{"taxonomy":"category","embeddable":true,"href":"https:\/\/www.svoboda-senovo.si\/index.php\/wp-json\/wp\/v2\/categories?post=1005"},{"taxonomy":"post_tag","embeddable":true,"href":"https:\/\/www.svoboda-senovo.si\/index.php\/wp-json\/wp\/v2\/tags?post=1005"}],"curies":[{"name":"wp","href":"https:\/\/api.w.org\/{rel}","templated":true}]}}